{"id":14625,"date":"2025-10-07T05:47:07","date_gmt":"2025-10-07T05:47:07","guid":{"rendered":"https:\/\/www.europesays.com\/lv\/14625\/"},"modified":"2025-10-07T05:47:07","modified_gmt":"2025-10-07T05:47:07","slug":"rb-rail-vaditajs-atklaj-kad-planota-rail-baltica-rigas-loka-izbuve-tvnet","status":"publish","type":"post","link":"https:\/\/www.europesays.com\/lv\/14625\/","title":{"rendered":"&quot;RB Rail&quot; vad\u012bt\u0101js atkl\u0101j, kad pl\u0101nota &quot;Rail Baltica&quot; R\u012bgas loka izb\u016bve &#8211; TVNET"},"content":{"rendered":"<ol>\n<li><a href=\"https:\/\/news.google.com\/rss\/articles\/CBMimwFBVV95cUxPWUpPTDh4UF90TGNyd0J4ZDhrRlRVemZWeXhYSHFBM3NHN2RxSUZiN1gxUlNOWmY1dGxIbE5YMnRJZ21XQ1IyUEgwQ2hzQmdJbGFRRmU5VmdHa3RqQzVnVDctWkt3WE15SkhyaXFiNWtKSzlZaUpVZ1hBQ2NSaC05SmptTWtBaVJSX0JxWkRadUYxWTBNYU5NUndfaw?oc=5\" target=\"_blank\" rel=\"nofollow noopener\">&#8220;RB Rail&#8221; vad\u012bt\u0101js atkl\u0101j, kad pl\u0101nota &#8220;Rail Baltica&#8221; R\u012bgas loka izb\u016bve<\/a>&nbsp;&nbsp;TVNET<\/li>\n<li><a href=\"https:\/\/news.google.com\/rss\/articles\/CBMivAFBVV95cUxNMW5RWmNKUkNyZ0NCRDVUVlBhS3dmbW5SbHBHY19fSjFzU3dCQmRsV25zbmdDRktCaWdERGNtaFY3ZnpGX2VERC1xdjhTaEZ4QjUwUHdVemNzMW40VGhBXzZNRUd4TEM4RzR5TVpoOFZwM3AyM3piR3FoMndGYjdZbGxIbEFwV1pTOVJjRlZxaUo2dm9PbDR5MEVUZjZhTGJQanktd2hoOWcyeUNoOU5FOVR3cmFBUVQ5dkdRcA?oc=5\" target=\"_blank\" rel=\"nofollow noopener\">R\u012bgas loks ir pl\u0101nots &#8220;Rail Baltica&#8221; otraj\u0101 k\u0101rt\u0101, saka Kivila<\/a>&nbsp;&nbsp;Delfi<\/li>\n<li><a href=\"https:\/\/news.google.com\/rss\/articles\/CBMilgFBVV95cUxPOEFTMXFvX3VVVXl2cFQ3dG10QWVHUk5fR2IwaXp6MFUzLURleFBnazNzeUZad2tTZm02UlBhbmNaV1ctQ3lJNjFHek5FaHFFNHl6WV91elRHb1dBdHROaTNxVjJraWFGQ2dleDNHSDRyeWVYVi1aQzhZTExYR0dwTzg5S3gwbk8zY0I4dmRGM3lvT1lFbnc?oc=5\" target=\"_blank\" rel=\"nofollow noopener\">FOTO: Lietuv\u0101 uzs\u0101kta &#8220;Rail Baltica&#8221; slie\u017eu ce\u013ca izb\u016bve<\/a>&nbsp;&nbsp;Jauns.lv<\/li>\n<li><a href=\"https:\/\/news.google.com\/rss\/articles\/CBMipAFBVV95cUxQV3A5b0N3ZmhzZXNmSG1XUGtRcDdUWlV0N0hkNGx5VFgxXzJqTGpGelZVN240ZHloZnBra2RLRkxENTJJUFh1N1FNejB5eHBfWWZRNHI5bXI3b19FUk5pekxLb01JT0pGMU4xY0pJcUhjS21UUDQxcFZvOXJHWWlvSlAwMHlCTG9jWEN3QlFJUVpuZmR1ZlY4ak0wWUtySXd1Y2RZSg?oc=5\" target=\"_blank\" rel=\"nofollow noopener\">&#8220;RB Rail&#8221;: Latvija no kopuz\u0146\u0113muma darb\u012bbas nodok\u013cos g\u016bst vair\u0101k nek\u0101 iegulda<\/a>&nbsp;&nbsp;TVNET<\/li>\n<li><a href=\"https:\/\/news.google.com\/rss\/articles\/CBMiqgFBVV95cUxQLXhDaXZ1NXpsNERqOWNHX2ZFZG5hcTFqYVNrRGN2VG1CeFEwR2Zycl9IRjktaVhqaXRUS09LZ3pCTjBRb3VmYk0yeUFoZzl4VzZKaXU3dThMVjlzVzZoQUdNMTBnY3ppMEFzM1NIbmM1RndWY1N5SFpHTmFyeFNBd3E4eEd5VXBpTG5DakdESTFha1JBdFJvaXBjazFBeEM4TVlJNlJiOGQxZw?oc=5\" target=\"_blank\" rel=\"nofollow noopener\">\u201cVai mums tam jau ir nauda? \u0160odien v\u0113l ne!\u201d Atkl\u0101ts, ka Salaspils k\u013c\u016bs par \u201cRail Baltica\u201d sirdi<\/a>&nbsp;&nbsp;LA.LV<\/li>\n<\/ol>\n","protected":false},"excerpt":{"rendered":"&#8220;RB Rail&#8221; vad\u012bt\u0101js atkl\u0101j, kad pl\u0101nota &#8220;Rail Baltica&#8221; R\u012bgas loka izb\u016bve&nbsp;&nbsp;TVNET R\u012bgas loks ir pl\u0101nots &#8220;Rail Baltica&#8221; otraj\u0101&hellip;\n","protected":false},"author":2,"featured_media":14626,"comment_status":"","ping_status":"","sticky":false,"template":"","format":"standard","meta":{"footnotes":""},"categories":[12],"tags":[23,63,65,28,29,60,32,33,59,22,70,64,30,31,35,39,38,36,37,34,40,68,20,26,27,69,66,67,24,25,62,21,61],"class_list":{"0":"post-14625","1":"post","2":"type-post","3":"status-publish","4":"format-standard","5":"has-post-thumbnail","7":"category-latvija","8":"tag-aktualitates","9":"tag-arvalstis","10":"tag-auto","11":"tag-breaking-news","12":"tag-breakingnews","13":"tag-egoiste","14":"tag-featured-news","15":"tag-featurednews","16":"tag-financenet","17":"tag-headlines","18":"tag-klik","19":"tag-kultura","20":"tag-latest-news","21":"tag-latestnews","22":"tag-latvia","23":"tag-latvian","24":"tag-latviesu","25":"tag-latviesu-valoda","26":"tag-latviesuvaloda","27":"tag-latvija","28":"tag-lv","29":"tag-maja","30":"tag-news","31":"tag-popularakas-zinas","32":"tag-popularakaszinas","33":"tag-receptes","34":"tag-sejas","35":"tag-sports","36":"tag-top-stories","37":"tag-topstories","38":"tag-viedokli","39":"tag-zinas","40":"tag-zinatne"},"share_on_mastodon":{"url":"","error":""},"_links":{"self":[{"href":"https:\/\/www.europesays.com\/lv\/wp-json\/wp\/v2\/posts\/14625","targetHints":{"allow":["GET"]}}],"collection":[{"href":"https:\/\/www.europesays.com\/lv\/wp-json\/wp\/v2\/posts"}],"about":[{"href":"https:\/\/www.europesays.com\/lv\/wp-json\/wp\/v2\/types\/post"}],"author":[{"embeddable":true,"href":"https:\/\/www.europesays.com\/lv\/wp-json\/wp\/v2\/users\/2"}],"replies":[{"embeddable":true,"href":"https:\/\/www.europesays.com\/lv\/wp-json\/wp\/v2\/comments?post=14625"}],"version-history":[{"count":0,"href":"https:\/\/www.europesays.com\/lv\/wp-json\/wp\/v2\/posts\/14625\/revisions"}],"wp:featuredmedia":[{"embeddable":true,"href":"https:\/\/www.europesays.com\/lv\/wp-json\/wp\/v2\/media\/14626"}],"wp:attachment":[{"href":"https:\/\/www.europesays.com\/lv\/wp-json\/wp\/v2\/media?parent=14625"}],"wp:term":[{"taxonomy":"category","embeddable":true,"href":"https:\/\/www.europesays.com\/lv\/wp-json\/wp\/v2\/categories?post=14625"},{"taxonomy":"post_tag","embeddable":true,"href":"https:\/\/www.europesays.com\/lv\/wp-json\/wp\/v2\/tags?post=14625"}],"curies":[{"name":"wp","href":"https:\/\/api.w.org\/{rel}","templated":true}]}}