{"id":14627,"date":"2025-10-07T05:48:11","date_gmt":"2025-10-07T05:48:11","guid":{"rendered":"https:\/\/www.europesays.com\/lv\/14627\/"},"modified":"2025-10-07T05:48:11","modified_gmt":"2025-10-07T05:48:11","slug":"atklati-aizdomas-tureto-vardi-tris-amatpersonas-atstadinatas-lente-lv","status":"publish","type":"post","link":"https:\/\/www.europesays.com\/lv\/14627\/","title":{"rendered":"Atkl\u0101ti Aizdom\u0101s Tur\u0113to V\u0101rdi, Tr\u012bs Amatpersonas Atst\u0101din\u0101tas\u00a0\u2014\u00a0Lente.lv"},"content":{"rendered":"<p>Centr\u0101ltirgus Korupcijas Skand\u0101ls: Izmekl\u0113\u0161anas Deta\u013cas un Pirm\u0101s Sekas<\/p>\n<p>R\u012bgas Centr\u0101ltirgus, viens no galvaspils\u0113tas sirdspukstiem un noz\u012bm\u012bg\u0101kaj\u0101m tirdzniec\u012bbas viet\u0101m, ir satricin\u0101ts no korupcijas \u0113nas. Korupcijas nov\u0113r\u0161anas un apkaro\u0161anas biroja (KNAB) s\u0101kt\u0101 krimin\u0101llieta, kas saist\u012bta ar aizdom\u0101m par kuku\u013c\u0146em\u0161anu un prettiesisku labumu pie\u0146em\u0161anu, atkl\u0101j dzi\u013c\u0101kas probl\u0113mas tirgus administr\u0101cijas strukt\u016br\u0101. \u0160\u012b skand\u0101la rezult\u0101t\u0101 jau notiku\u0161i pirmie nopietnie solis \u2013 tr\u012bs amatpersonas ir atst\u0101din\u0101tas no saviem amatiem.<\/p>\n<p>KNAB Izmekl\u0113\u0161anas Virziens un Aiztur\u0113tie<\/p>\n<p>Krimin\u0101lprocess, ko KNAB uzs\u0101ka 2025. gada 10. septembr\u012b, piev\u0113r\u0161as aizdom\u0101m par kuku\u013c\u0146em\u0161anu, t\u0101s atbalst\u012b\u0161anu, kuku\u013cdo\u0161anu un prettiesiska labuma pie\u0146em\u0161anu. Izmekl\u0113t\u0101jiem ir pamatotas aizdomas, ka R\u012bgas Centr\u0101ltirgus amatpersonas kop\u0101 ar k\u0101du darbinieku ir sa\u0146\u0113mu\u0161i kukuli un citus nelikum\u012bgus labumus no uz\u0146\u0113m\u0113jiem. M\u0113r\u0137is, visticam\u0101k, bija nodro\u0161in\u0101t konkr\u0113tas tirdzniec\u012bbas vietas tirg\u016b, apiet ofici\u0101l\u0101s proced\u016bras un rad\u012bt nevienl\u012bdz\u012bgus konkurences apst\u0101k\u013cus. Zi\u0146u avoti neofici\u0101li nor\u0101d\u012bju\u0161i, ka aizdom\u0101s par \u0161iem p\u0101rk\u0101pumiem non\u0101cis tirgus p\u0101rvald\u012bbas noda\u013cas vad\u012bt\u0101js Vladimirs Kazarinovs un k\u0101da paviljona administrators. \u0160\u012bs personas tika aiztur\u0113tas, un kopum\u0101 krimin\u0101lproces\u0101 iesaist\u012btas piecas personas, kur\u0101m ir ties\u012bbas uz aizst\u0101v\u012bbu. Viena no aiztur\u0113taj\u0101m person\u0101m ir Aldis Liepi\u0146\u0161, tirgus paviljona administrators, kur\u0161 tika aiztur\u0113ts aizdom\u0101s par kuku\u013c\u0146em\u0161anu un kuku\u013cdo\u0161anu saist\u012bb\u0101 ar lab\u0101ku tirdzniec\u012bbas vietu ieg\u016b\u0161anu. Vi\u0146am, t\u0101pat k\u0101 Vladimiram Kazarinovam, piem\u0113roti ar br\u012bv\u012bbas at\u0146em\u0161anu nesaist\u012bti dro\u0161\u012bbas l\u012bdzek\u013ci, tostarp aizliegums veikt noteiktas darb\u012bbas un aizbraukt no valsts. Lai gan KNAB pla\u0161\u0101kus koment\u0101rus nesniedz, lai netrauc\u0113tu izmekl\u0113\u0161anu, tiek apliecin\u0101ts, ka pirmstiesas izmekl\u0113\u0161ana turpin\u0101s un tiek nostiprin\u0101ti pier\u0101d\u012bjumi. Tiek pie\u013cauts, ka aizdom\u0101s tur\u0113tie uz\u0146\u0113m\u0113ji ir biju\u0161i tr\u012bs personas.<\/p>\n<p>T\u016bl\u012bt\u0113jas Sekas un Vad\u012bbas Reakcija<\/p>\n<p>\u0160is satrauco\u0161ais skand\u0101ls nav palicis bez t\u016bl\u012bt\u0113j\u0101m sek\u0101m. SIA &#8220;R\u012bgas nami&#8221;, kas apsaimnieko Centr\u0101ltirgu, rea\u0123\u0113jot uz notiku\u0161o, pazi\u0146ojusi par pirmajiem l\u0113mumiem. No amatiem atst\u0101din\u0101tas tr\u012bs personas. Vladimirs Kazarinovs, tirgus p\u0101rvald\u012bbas noda\u013cas vad\u012bt\u0101js, ir aiztur\u0113ts, bet Agra V\u0101rna, &#8220;R\u012bgas nami&#8221; Nekustamo \u012bpa\u0161umu iznom\u0101\u0161anas un p\u0101rvald\u012bbas departamenta vad\u012bt\u0101ja, ir atst\u0101din\u0101ta uz izmekl\u0113\u0161anas laiku. Lai gan V\u0101rna nav starp aiztur\u0113tajiem, vi\u0146as iesp\u0113jam\u0101 atbild\u012bba tiks izv\u0113rt\u0113ta. R\u012bgas vicem\u0113rs Edvards Ratnieks ir uzsv\u0113ris, ka &#8220;R\u012bgas nami&#8221; vad\u012bba ir ieinteres\u0113ta c\u012bn\u012bties ar korupciju un iepriek\u0161 jau esot \u201cizskaustas da\u017e\u0101das par\u0101d\u012bbas, kas Centr\u0101ltirg\u016b bija gadiem iepriek\u0161.\u201d Vi\u0146\u0161 piepras\u012bjis skaidrojumu no Centr\u0101ltirgus vad\u012bbas, uzsverot, ka korupcija netiks pie\u013cauta ne pa\u0161vald\u012bbas iest\u0101d\u0113s, ne kapit\u0101lsabiedr\u012bb\u0101s. R\u012bgas m\u0113rs Viesturs Kleinbergs ir devis nor\u0101d\u012bjumu nekav\u0113joties veikt padzi\u013cin\u0101tu auditu, lai nodro\u0161in\u0101tu piln\u012bgu skaidr\u012bbu un caursp\u012bd\u012bgumu \u0161aj\u0101 sare\u017e\u0123\u012btaj\u0101 situ\u0101cij\u0101. Uz\u0146\u0113mums &#8220;R\u012bgas nami&#8221; ir s\u0101cis ar\u012b savu iek\u0161\u0113jo izmekl\u0113\u0161anu un paudis gatav\u012bbu piln\u012bb\u0101 sadarboties ar KNAB, lai p\u0113c iesp\u0113jas dr\u012bz noskaidrotu visus ar notiku\u0161o saist\u012btos faktus. Lai izv\u0113rt\u0113tu tirdzniec\u012bbas plat\u012bbu iznom\u0101\u0161anas procesus, pl\u0101nots piesaist\u012bt neatkar\u012bgu auditoru, kas var\u0113tu ilgt vismaz m\u0113nesi. Uz\u0146\u0113mums aicina ikvienu darbinieku vai sadarb\u012bbas partneri, kam ir inform\u0101cija, kas var\u0113tu b\u016bt noz\u012bm\u012bga izmekl\u0113\u0161an\u0101, izmantot trauksmes cel\u0161anas meh\u0101nismu vai v\u0113rsties tie\u0161i pie uz\u0146\u0113muma vad\u012bbas.<\/p>\n<p>Pag\u0101tnes \u0112nas un Sist\u0113miskas Probl\u0113mas<\/p>\n<p>\u0160is nav pirmais korupcijas skand\u0101ls R\u012bgas Centr\u0101ltirg\u016b. Pirms septi\u0146iem gadiem kuku\u013c\u0146em\u0161anas aizdomu d\u0113\u013c amatu zaud\u0113ja toreiz\u0113jais Tirdzniec\u012bbas organiz\u0113\u0161anas noda\u013cas vad\u012bt\u0101js Aivis Bru\u0123is, kura viet\u0101 st\u0101j\u0101s tagad atst\u0101din\u0101tais Vladimirs Kazarinovs. Lai gan Bru\u0123a lieta tika izbeigta noilguma d\u0113\u013c, tas nor\u0101da uz ilggad\u0113ju probl\u0113mu sist\u0113m\u0101. &#8220;R\u012bgas namu&#8221; valdes priek\u0161s\u0113d\u0113t\u0101js Oj\u0101rs Valkers gan ir nor\u0101d\u012bjis, ka Centr\u0101ltirgus k\u0101 uz\u0146\u0113mums tika pievienots &#8220;R\u012bgas namiem&#8221; tikai 2023. gad\u0101, un &#8220;atbild\u012bba par iepriek\u0161\u0113jo periodu negulst\u0101s uz mums.&#8221; Tas gan nemazina pa\u0161reiz\u0113j\u0101s vad\u012bbas atbild\u012bbu par caurskat\u0101mu un god\u012bgu saimniecisko darb\u012bbu. Uz\u0146\u0113muma r\u012bc\u012bb\u0101 patlaban ir \u013coti ierobe\u017eota inform\u0101cija, tostarp nav zin\u0101ms par konkr\u0113tiem komersantiem, kas b\u016btu devu\u0161i kukuli. Tom\u0113r R\u012bgas Dome sola, ka skand\u0101ls netrauc\u0113s Centr\u0101ltirgus att\u012bst\u012bbas pl\u0101niem, kas ietver remontdarbu pabeig\u0161anu l\u012bdz tirgus simtgadei. Tiek pl\u0101nots ieguld\u012bt aptuveni 25 miljonus eiro tuv\u0101ko piecu gadu laik\u0101, lai atjaunotu visus piecus galvenos paviljonus.<\/p>\n<p>Tirgus Att\u012bst\u012bbas Pl\u0101ni un Skaidr\u012bbas Mekl\u0113jumi<\/p>\n<p>Neskatoties uz korupcijas \u0113nu, kas \u0161obr\u012bd aptum\u0161o R\u012bgas Centr\u0101ltirgu, pils\u0113tas vad\u012bba sola, ka tas netrauc\u0113s iecer\u0113tajiem att\u012bst\u012bbas pl\u0101niem. Lielie invest\u012bciju projekti, kas paredz paviljonu atjauno\u0161anu un moderniz\u0101ciju, turpin\u0101sies. M\u0113r\u0137is ir ne tikai uzlabot infrastrukt\u016bru, bet ar\u012b saglab\u0101t unik\u0101lo kult\u016brv\u0113sturisko mantojumu. Vienlaikus tiek uzsv\u0113rts, ka god\u012bgas konkurences un likuma varas principu nodro\u0161in\u0101\u0161ana ir absol\u016bti priorit\u0101ra. Lai gan \u0161obr\u012bd inform\u0101cija par konkr\u0113tiem kuku\u013cdev\u0113jiem ir ierobe\u017eota, izmekl\u0113\u0161ana turpin\u0101s, un tiek gaid\u012bts neatkar\u012bg\u0101 audita rezult\u0101ts, lai piln\u012bb\u0101 izprastu situ\u0101cijas apjomu un nov\u0113rstu iesp\u0113jam\u0101s nepiln\u012bbas n\u0101kotn\u0113. \u0160is gad\u012bjums ir skumj\u0161, bet svar\u012bgs atg\u0101din\u0101jums par nepiecie\u0161am\u012bbu past\u0101v\u012bgi stiprin\u0101t \u0113tikas standartus un uzraudz\u012bbas meh\u0101nismus publisk\u0101s iest\u0101d\u0113s un uz\u0146\u0113mumos, kas p\u0101rvalda noz\u012bm\u012bgus sabiedriskos resursus.<\/p>\n","protected":false},"excerpt":{"rendered":"Centr\u0101ltirgus Korupcijas Skand\u0101ls: Izmekl\u0113\u0161anas Deta\u013cas un Pirm\u0101s Sekas R\u012bgas Centr\u0101ltirgus, viens no galvaspils\u0113tas sirdspukstiem un noz\u012bm\u012bg\u0101kaj\u0101m tirdzniec\u012bbas viet\u0101m,&hellip;\n","protected":false},"author":2,"featured_media":14628,"comment_status":"","ping_status":"","sticky":false,"template":"","format":"standard","meta":{"footnotes":""},"categories":[5],"tags":[23,5153,28,29,5152,32,33,22,4610,4269,30,31,35,39,38,36,37,34,40,20,26,27,3542,24,25,21],"class_list":{"0":"post-14627","1":"post","2":"type-post","3":"status-publish","4":"format-standard","5":"has-post-thumbnail","7":"category-aktualitates","8":"tag-aktualitates","9":"tag-amatpersonu-atstadinasana","10":"tag-breaking-news","11":"tag-breakingnews","12":"tag-centraltirgus-korupcija","13":"tag-featured-news","14":"tag-featurednews","15":"tag-headlines","16":"tag-knab-izmeklesana","17":"tag-kukulnemsana","18":"tag-latest-news","19":"tag-latestnews","20":"tag-latvia","21":"tag-latvian","22":"tag-latviesu","23":"tag-latviesu-valoda","24":"tag-latviesuvaloda","25":"tag-latvija","26":"tag-lv","27":"tag-news","28":"tag-popularakas-zinas","29":"tag-popularakaszinas","30":"tag-rigas-nami","31":"tag-top-stories","32":"tag-topstories","33":"tag-zinas"},"share_on_mastodon":{"url":"","error":""},"_links":{"self":[{"href":"https:\/\/www.europesays.com\/lv\/wp-json\/wp\/v2\/posts\/14627","targetHints":{"allow":["GET"]}}],"collection":[{"href":"https:\/\/www.europesays.com\/lv\/wp-json\/wp\/v2\/posts"}],"about":[{"href":"https:\/\/www.europesays.com\/lv\/wp-json\/wp\/v2\/types\/post"}],"author":[{"embeddable":true,"href":"https:\/\/www.europesays.com\/lv\/wp-json\/wp\/v2\/users\/2"}],"replies":[{"embeddable":true,"href":"https:\/\/www.europesays.com\/lv\/wp-json\/wp\/v2\/comments?post=14627"}],"version-history":[{"count":0,"href":"https:\/\/www.europesays.com\/lv\/wp-json\/wp\/v2\/posts\/14627\/revisions"}],"wp:featuredmedia":[{"embeddable":true,"href":"https:\/\/www.europesays.com\/lv\/wp-json\/wp\/v2\/media\/14628"}],"wp:attachment":[{"href":"https:\/\/www.europesays.com\/lv\/wp-json\/wp\/v2\/media?parent=14627"}],"wp:term":[{"taxonomy":"category","embeddable":true,"href":"https:\/\/www.europesays.com\/lv\/wp-json\/wp\/v2\/categories?post=14627"},{"taxonomy":"post_tag","embeddable":true,"href":"https:\/\/www.europesays.com\/lv\/wp-json\/wp\/v2\/tags?post=14627"}],"curies":[{"name":"wp","href":"https:\/\/api.w.org\/{rel}","templated":true}]}}