{"id":14666,"date":"2025-10-07T06:34:07","date_gmt":"2025-10-07T06:34:07","guid":{"rendered":"https:\/\/www.europesays.com\/lv\/14666\/"},"modified":"2025-10-07T06:34:07","modified_gmt":"2025-10-07T06:34:07","slug":"pirms-piegadas-ukrainiem-raketes-tomahawk-tramps-velas-noskaidrot-ko-vini-ar-tam-plano-darit","status":"publish","type":"post","link":"https:\/\/www.europesays.com\/lv\/14666\/","title":{"rendered":"Pirms pieg\u0101d\u0101s ukrai\u0146iem ra\u0137etes &#8220;Tomahawk&#8221;, Tramps v\u0113las noskaidrot, ko vi\u0146i ar t\u0101m pl\u0101no dar\u012bt"},"content":{"rendered":"<p>&#8220;Apollo.lv&#8221; jau v\u0113st\u012bja, ka Ukrainas prezidents Volodimirs Zelenskis tik\u0161an\u0101s laik\u0101 ar Trampu ir <a target=\"_blank\" rel=\"noopener noreferrer nofollow\" href=\"https:\/\/www.apollo.lv\/8331959\/zelenskis-ludzis-trampam-raketes-tomahawk-vesta-medijs\">l\u016bdzis ASV nodro\u0161in\u0101t Ukrainai ra\u0137etes &#8220;Tomahawk&#8221;.<\/a><\/p>\n<p>Ar 2500 kilometru darb\u012bbas r\u0101diusu un 450 kg smagu kaujas galvi\u0146u \u0161\u012b ra\u0137ete ir daudz efekt\u012bv\u0101ka nek\u0101 jebkur\u0161 l\u012bdz\u012bgs t\u0101la darb\u012bbas r\u0101diusa ierocis, ko Kijivai nodro\u0161in\u0101ju\u0161i Rietumu sabiedrotie.<\/p>\n<p>Augsto tehnolo\u0123iju iero\u010du sist\u0113ma pal\u012bdz\u0113s Krievijas diktatoram Vladimiram Putinam s\u0113sties pie sarunu galda, lai apspriestu miera l\u012bgumu, Zelenskis teicis Trampam.<\/p>\n<p>Savuk\u0101rt sv\u0113tdien Krievijas diktators pazi\u0146oja, ka ASV l\u0113mums pieg\u0101d\u0101t Ukrainai &#8220;Tomahawk&#8221;, kas Ukrainai \u013cautu veikt uzbrukumus dzi\u013ci Krievijas iek\u0161ien\u0113, saboj\u0101tu Maskavas un Va\u0161ingtonas attiec\u012bbas.<\/p>\n<p>Pirmdien, kad \u017eurn\u0101listi Baltaj\u0101 nam\u0101 jaut\u0101ja Trampam, vai vi\u0146\u0161 ir pie\u0146\u0113mis l\u0113mumu par &#8220;Tomahawk&#8221; pieg\u0101di Ukrainai, ASV prezidents \u0161\u0101du iesp\u0113ju neizsl\u0113dza un teica, ka \u0161aj\u0101 jaut\u0101jum\u0101 ir &#8220;pie\u0146\u0113mis k\u0101du l\u0113mumu&#8221;.<\/p>\n<blockquote class=\"quote ck-widget\" contenteditable=\"false\">\n<p>&#8220;Es dom\u0101ju, ka es gribu uzzin\u0101t, ko vi\u0146i ar t\u0101m dara,&#8221; vi\u0146\u0161 teica. &#8220;Kur vi\u0146i t\u0101s s\u016bta? Es dom\u0101ju, ka man b\u016btu j\u0101uzdod \u0161is jaut\u0101jums.&#8221;<\/p>\n<\/blockquote>\n<p>&#8220;Es uzdotu da\u017eus jaut\u0101jumus. Es negribu eskal\u0113t \u0161o karu,&#8221; vi\u0146\u0161 piebilda.<\/p>\n","protected":false},"excerpt":{"rendered":"&#8220;Apollo.lv&#8221; jau v\u0113st\u012bja, ka Ukrainas prezidents Volodimirs Zelenskis tik\u0161an\u0101s laik\u0101 ar Trampu ir l\u016bdzis ASV nodro\u0161in\u0101t Ukrainai ra\u0137etes&hellip;\n","protected":false},"author":2,"featured_media":14667,"comment_status":"","ping_status":"","sticky":false,"template":"","format":"standard","meta":{"footnotes":""},"categories":[14],"tags":[23,57,28,29,32,33,22,234,74,30,31,35,39,38,36,37,34,40,20,26,27,24,25,276,54,55,56,21,58],"class_list":{"0":"post-14666","1":"post","2":"type-post","3":"status-publish","4":"format-standard","5":"has-post-thumbnail","7":"category-zinas-no-arvalstim","8":"tag-aktualitates","9":"tag-arvalstim","10":"tag-breaking-news","11":"tag-breakingnews","12":"tag-featured-news","13":"tag-featurednews","14":"tag-headlines","15":"tag-krievija","16":"tag-krievijas-iebrukums-ukraina","17":"tag-latest-news","18":"tag-latestnews","19":"tag-latvia","20":"tag-latvian","21":"tag-latviesu","22":"tag-latviesu-valoda","23":"tag-latviesuvaloda","24":"tag-latvija","25":"tag-lv","26":"tag-news","27":"tag-popularakas-zinas","28":"tag-popularakaszinas","29":"tag-top-stories","30":"tag-topstories","31":"tag-ukraina","32":"tag-world","33":"tag-world-news","34":"tag-worldnews","35":"tag-zinas","36":"tag-zinas-no-arvalstim"},"share_on_mastodon":{"url":"","error":""},"_links":{"self":[{"href":"https:\/\/www.europesays.com\/lv\/wp-json\/wp\/v2\/posts\/14666","targetHints":{"allow":["GET"]}}],"collection":[{"href":"https:\/\/www.europesays.com\/lv\/wp-json\/wp\/v2\/posts"}],"about":[{"href":"https:\/\/www.europesays.com\/lv\/wp-json\/wp\/v2\/types\/post"}],"author":[{"embeddable":true,"href":"https:\/\/www.europesays.com\/lv\/wp-json\/wp\/v2\/users\/2"}],"replies":[{"embeddable":true,"href":"https:\/\/www.europesays.com\/lv\/wp-json\/wp\/v2\/comments?post=14666"}],"version-history":[{"count":0,"href":"https:\/\/www.europesays.com\/lv\/wp-json\/wp\/v2\/posts\/14666\/revisions"}],"wp:featuredmedia":[{"embeddable":true,"href":"https:\/\/www.europesays.com\/lv\/wp-json\/wp\/v2\/media\/14667"}],"wp:attachment":[{"href":"https:\/\/www.europesays.com\/lv\/wp-json\/wp\/v2\/media?parent=14666"}],"wp:term":[{"taxonomy":"category","embeddable":true,"href":"https:\/\/www.europesays.com\/lv\/wp-json\/wp\/v2\/categories?post=14666"},{"taxonomy":"post_tag","embeddable":true,"href":"https:\/\/www.europesays.com\/lv\/wp-json\/wp\/v2\/tags?post=14666"}],"curies":[{"name":"wp","href":"https:\/\/api.w.org\/{rel}","templated":true}]}}