{"id":14672,"date":"2025-10-07T06:38:07","date_gmt":"2025-10-07T06:38:07","guid":{"rendered":"https:\/\/www.europesays.com\/lv\/14672\/"},"modified":"2025-10-07T06:38:07","modified_gmt":"2025-10-07T06:38:07","slug":"makdeivids-pagarina-ligumu-ar-edmontonas-oilers","status":"publish","type":"post","link":"https:\/\/www.europesays.com\/lv\/14672\/","title":{"rendered":"Makdeivids pagarina l\u012bgumu ar Edmontonas &#8220;Oilers&#8221;"},"content":{"rendered":"<p>Tr\u012bsk\u0101rt\u0113jais l\u012bgas v\u0113rt\u012bg\u0101kais sp\u0113l\u0113t\u0101js un vien\u012bgais <a href=\"https:\/\/sports.tvnet.lv\/term\/10077\/nhl\" class=\"topicLink\" target=\"_blank\" rel=\"nofollow noopener\">NHL<\/a> klubs, kur\u0101 vi\u0146\u0161 ir sp\u0113l\u0113jis, sezonas priek\u0161vakar\u0101 vienoj\u0101s par divu gadu l\u012bguma pagarin\u0101jumu 25 miljonu ASV dol\u0101ru (21,3 miljoni eiro) v\u0113rt\u012bb\u0101.<\/p>\n<p>Makdeivids 2026.\/2027. un 2027.\/2028. gada sezon\u0101s sa\u0146ems pa 12,5 miljoniem dol\u0101ru gad\u0101. T\u0101da pati vid\u0113j\u0101 alga vi\u0146am ir bijusi kop\u0161 2019. gada.<\/p>\n<blockquote class=\"quote ck-widget\" contenteditable=\"false\">\n<p>&#8220;Makdeivida uztic\u012bba m\u016bsu komandai un pils\u0113tai p\u0101rsp\u0113j tikai vi\u0146a koncentr\u0113\u0161an\u0101s Stenlija kausa atgrie\u0161anai Edmontonas &#8220;Oilers&#8221; l\u012bdzjut\u0113jiem,&#8221; sac\u012bja \u0123ener\u0101lmened\u017eeris Stens Boumens.<\/p>\n<\/blockquote>\n<p>L\u012bgums ar daudzu par lab\u0101ko hokejistu pasaul\u0113 uzskat\u012bto Makdeividu ne tuvu nav l\u012bgas rekordl\u012bgumam, ko pag\u0101ju\u0161aj\u0101 ned\u0113\u013c\u0101 par 136 miljoniem dol\u0101ru (116 miljoni eiro) uz asto\u0146iem gadiem nosl\u0113dza Minesotas &#8220;Wild&#8221; un uzbruc\u0113js Kirils Kaprizovs. Kaprizova gada alga b\u016bs 17 miljoni ASV dol\u0101ru (14,5 miljoni eiro).<\/p>\n<p>Edmontonas klubs p\u0113d\u0113jos divos gados ir ticis l\u012bdz Stenlija kausa fin\u0101lam, abas reizes piek\u0101pjoties Uvja Balinska p\u0101rst\u0101v\u0113tajai Floridas &#8220;Panthers&#8221;.<\/p>\n<p>Kop\u0161 &#8220;Oilers&#8221; uzbruc\u0113ju 2015. gada NHL jauno sp\u0113l\u0113t\u0101ju draft\u0101 izv\u0113l\u0113j\u0101s ar pirmo numuru, 28 gadus vecais Makdeivids, kuram, beidzoties \u0161im l\u012bgumam, b\u016bs 31 gads, 712 NHL pamatturn\u012ba sp\u0113l\u0113s ir sakr\u0101jis 1082 (361+721) rezultativit\u0101tes punktus. 96 Stenlija kausa sp\u0113l\u0113s vi\u0146a kont\u0101 ir 150 (44+106) rezultativit\u0101tes punkti.<\/p>\n<p>NHL pirmssezonas p\u0101rbaudes sp\u0113les beidz\u0101s sestdien, bet pamatturn\u012bra ma\u010di s\u0101ksies otrdien.<\/p>\n<p>Pag\u0101ju\u0161aj\u0101 sezon\u0101 otro gadu p\u0113c k\u0101rtas par Stenlija kausa ieguv\u0113jiem k\u013cuva Floridas &#8220;Panthers&#8221; ar latvie\u0161u aizsargu Uvi Balinski sast\u0101v\u0101.<\/p>\n","protected":false},"excerpt":{"rendered":"Tr\u012bsk\u0101rt\u0113jais l\u012bgas v\u0113rt\u012bg\u0101kais sp\u0113l\u0113t\u0101js un vien\u012bgais NHL klubs, kur\u0101 vi\u0146\u0161 ir sp\u0113l\u0113jis, sezonas priek\u0161vakar\u0101 vienoj\u0101s par divu gadu&hellip;\n","protected":false},"author":2,"featured_media":14673,"comment_status":"","ping_status":"","sticky":false,"template":"","format":"standard","meta":{"footnotes":""},"categories":[17],"tags":[3317,5161,35,39,38,36,37,34,40,835,67],"class_list":{"0":"post-14672","1":"post","2":"type-post","3":"status-publish","4":"format-standard","5":"has-post-thumbnail","7":"category-sports","8":"tag-edmontonas-oilers","9":"tag-konors-makdeivids","10":"tag-latvia","11":"tag-latvian","12":"tag-latviesu","13":"tag-latviesu-valoda","14":"tag-latviesuvaloda","15":"tag-latvija","16":"tag-lv","17":"tag-nhl","18":"tag-sports"},"share_on_mastodon":{"url":"","error":""},"_links":{"self":[{"href":"https:\/\/www.europesays.com\/lv\/wp-json\/wp\/v2\/posts\/14672","targetHints":{"allow":["GET"]}}],"collection":[{"href":"https:\/\/www.europesays.com\/lv\/wp-json\/wp\/v2\/posts"}],"about":[{"href":"https:\/\/www.europesays.com\/lv\/wp-json\/wp\/v2\/types\/post"}],"author":[{"embeddable":true,"href":"https:\/\/www.europesays.com\/lv\/wp-json\/wp\/v2\/users\/2"}],"replies":[{"embeddable":true,"href":"https:\/\/www.europesays.com\/lv\/wp-json\/wp\/v2\/comments?post=14672"}],"version-history":[{"count":0,"href":"https:\/\/www.europesays.com\/lv\/wp-json\/wp\/v2\/posts\/14672\/revisions"}],"wp:featuredmedia":[{"embeddable":true,"href":"https:\/\/www.europesays.com\/lv\/wp-json\/wp\/v2\/media\/14673"}],"wp:attachment":[{"href":"https:\/\/www.europesays.com\/lv\/wp-json\/wp\/v2\/media?parent=14672"}],"wp:term":[{"taxonomy":"category","embeddable":true,"href":"https:\/\/www.europesays.com\/lv\/wp-json\/wp\/v2\/categories?post=14672"},{"taxonomy":"post_tag","embeddable":true,"href":"https:\/\/www.europesays.com\/lv\/wp-json\/wp\/v2\/tags?post=14672"}],"curies":[{"name":"wp","href":"https:\/\/api.w.org\/{rel}","templated":true}]}}