{"id":14676,"date":"2025-10-07T06:43:09","date_gmt":"2025-10-07T06:43:09","guid":{"rendered":"https:\/\/www.europesays.com\/lv\/14676\/"},"modified":"2025-10-07T06:43:09","modified_gmt":"2025-10-07T06:43:09","slug":"annas-koku-skola-aicina-uz-koku-ciema-bernu-svetkiem","status":"publish","type":"post","link":"https:\/\/www.europesays.com\/lv\/14676\/","title":{"rendered":"Annas Koku skola aicina uz &#8220;Koku ciema b\u0113rnu sv\u0113tkiem&#8221;"},"content":{"rendered":"<p>\u0122ime\u0146u sv\u0113tkos b\u016bs skat\u0101ma re\u017eisora J\u0101\u0146a Znoti\u0146a veidot\u0101 izr\u0101de \u201cKaka un pavasaris\u201d, kas tapusi p\u0113c igau\u0146u rakstnieka Andrusa Kivirehka gr\u0101matas mot\u012bviem un ieguvusi Sp\u0113lma\u0146u nakts balvu 2015.\/2016. gada sezon\u0101 k\u0101 gada lab\u0101k\u0101 izr\u0101de b\u0113rniem vai pusaud\u017eiem. St\u0101sts, kas reiz\u0113 ir smiekl\u012bgs, dzi\u013c\u0161 un rota\u013c\u012bgs, \u013cauj b\u0113rniem cit\u0101di ieraudz\u012bt uz izprast pasauli sev apk\u0101rt.<\/p>\n<p><img decoding=\"async\" class=\"figure__image\" onclick=\"triggerEvent('articleImageClick', { id: 17194822, focus: 'single-image', focusIndex: '17194822' })\" onkeydown=\"if (event.key === 'Enter') {&#10;        triggerEvent('articleImageClick', { id: 17194822, focus: 'single-image', focusIndex: '17194822' })&#10;        }\" role=\"button\" tabindex=\"0\" data-focus-from=\"single-image\" data-focus-index=\"17194822\" src=\"https:\/\/www.europesays.com\/lv\/wp-content\/uploads\/2025\/10\/17194822t1h3234.jpg\" onload=\"this.parentElement.classList.remove('figure__image-loading')\" alt=\"J\u0101nis Znoti\u0146\u0161 un Ance Zvejniece izr\u0101d\u0113 &quot;Kaka un pavasaris&quot;.\"\/>J\u0101nis Znoti\u0146\u0161 un Ance Zvejniece izr\u0101d\u0113 &#8220;Kaka un pavasaris&#8221;. Foto: Aleksejs Be\u013ceckis<\/p>\n<p>Sv\u0113tku laik\u0101 paredz\u0113ta darbo\u0161an\u0101s &#8220;Mazo d\u0101rznieku skoli\u0146\u0101&#8221;, kur\u0101 b\u016bs iesp\u0113ja ros\u012bties pieredz\u0113ju\u0161a un profesion\u0101la d\u0101rznieka vad\u012bb\u0101, aktiviz\u0113jot ma\u0146as un sniedzot praktisku labumu m\u016bsu zemei. Paral\u0113li, dienas laik\u0101 b\u0113rni var\u0113s iepaz\u012bt Annas Koku skolas daudzveid\u012bgo parku, braukt caur to ar elektrisko &#8220;John Deere&#8221; traktori\u0146u, k\u0101 ar\u012b las\u012bt, atp\u016bsties un fantaz\u0113t jaunatkl\u0101taj\u0101s oran\u017e\u0113rijas telp\u0101s.<\/p>\n<p><img decoding=\"async\" class=\"figure__image\" onclick=\"triggerEvent('articleImageClick', { id: 17194819, focus: 'single-image', focusIndex: '17194819' })\" onkeydown=\"if (event.key === 'Enter') {&#10;        triggerEvent('articleImageClick', { id: 17194819, focus: 'single-image', focusIndex: '17194819' })&#10;        }\" role=\"button\" tabindex=\"0\" data-focus-from=\"single-image\" data-focus-index=\"17194819\" src=\"https:\/\/www.europesays.com\/lv\/wp-content\/uploads\/2025\/10\/17194819t1h10de.jpg\" onload=\"this.parentElement.classList.remove('figure__image-loading')\" alt=\"\"\/> Foto: Publicit\u0101tes foto\/Annas Koku skola<\/p>\n<p>Pas\u0101kuma norises vide pati par sevi ir \u012bpa\u0161a. Annas Koku skola ir vieta, kur satiekas daba, arhitekt\u016bra un cilv\u0113ka rado\u0161ums. \u0112kas arhitekt\u016br\u0101 izmantoti dab\u012bgi materi\u0101li \u2013 koks, akmens, senie \u0137ie\u0123e\u013ci \u2013, un t\u0101 organiski iek\u013caujas Bab\u012btes apk\u0101rtnes ainav\u0101. Skolas parku veido gan me\u017es ar v\u0113sturiskiem ierakumiem, gan d\u0101rzi un rota\u013cu laukumi, gan m\u0101kslas un vides objekti. Parks veidots, lai b\u0113rniem b\u016btu vieta rota\u013c\u0101m un fant\u0101zijai, bet pieaugu\u0161ie var\u0113tu baud\u012bt mieru un smelties iedvesmu. Bi\u013cetes pieejamas lietotn\u0113 <a target=\"_blank\" rel=\"noopener noreferrer nofollow\" href=\"https:\/\/mobilly.lv\/annas-koku-skola\">Mobilly<\/a>.<\/p>\n","protected":false},"excerpt":{"rendered":"\u0122ime\u0146u sv\u0113tkos b\u016bs skat\u0101ma re\u017eisora J\u0101\u0146a Znoti\u0146a veidot\u0101 izr\u0101de \u201cKaka un pavasaris\u201d, kas tapusi p\u0113c igau\u0146u rakstnieka Andrusa&hellip;\n","protected":false},"author":2,"featured_media":14677,"comment_status":"","ping_status":"","sticky":false,"template":"","format":"standard","meta":{"footnotes":""},"categories":[19],"tags":[5163,89,90,5162,35,39,38,36,37,34,40],"class_list":{"0":"post-14676","1":"post","2":"type-post","3":"status-publish","4":"format-standard","5":"has-post-thumbnail","7":"category-izklaide","8":"tag-babite","9":"tag-entertainment","10":"tag-izklaide","11":"tag-janis-znotins","12":"tag-latvia","13":"tag-latvian","14":"tag-latviesu","15":"tag-latviesu-valoda","16":"tag-latviesuvaloda","17":"tag-latvija","18":"tag-lv"},"share_on_mastodon":{"url":"","error":""},"_links":{"self":[{"href":"https:\/\/www.europesays.com\/lv\/wp-json\/wp\/v2\/posts\/14676","targetHints":{"allow":["GET"]}}],"collection":[{"href":"https:\/\/www.europesays.com\/lv\/wp-json\/wp\/v2\/posts"}],"about":[{"href":"https:\/\/www.europesays.com\/lv\/wp-json\/wp\/v2\/types\/post"}],"author":[{"embeddable":true,"href":"https:\/\/www.europesays.com\/lv\/wp-json\/wp\/v2\/users\/2"}],"replies":[{"embeddable":true,"href":"https:\/\/www.europesays.com\/lv\/wp-json\/wp\/v2\/comments?post=14676"}],"version-history":[{"count":0,"href":"https:\/\/www.europesays.com\/lv\/wp-json\/wp\/v2\/posts\/14676\/revisions"}],"wp:featuredmedia":[{"embeddable":true,"href":"https:\/\/www.europesays.com\/lv\/wp-json\/wp\/v2\/media\/14677"}],"wp:attachment":[{"href":"https:\/\/www.europesays.com\/lv\/wp-json\/wp\/v2\/media?parent=14676"}],"wp:term":[{"taxonomy":"category","embeddable":true,"href":"https:\/\/www.europesays.com\/lv\/wp-json\/wp\/v2\/categories?post=14676"},{"taxonomy":"post_tag","embeddable":true,"href":"https:\/\/www.europesays.com\/lv\/wp-json\/wp\/v2\/tags?post=14676"}],"curies":[{"name":"wp","href":"https:\/\/api.w.org\/{rel}","templated":true}]}}