{"id":1470,"date":"2025-09-22T07:18:07","date_gmt":"2025-09-22T07:18:07","guid":{"rendered":"https:\/\/www.europesays.com\/lv\/1470\/"},"modified":"2025-09-22T07:18:07","modified_gmt":"2025-09-22T07:18:07","slug":"nedelas-horoskops-19-25-septembris-rita-kafija","status":"publish","type":"post","link":"https:\/\/www.europesays.com\/lv\/1470\/","title":{"rendered":"Ned\u0113\u013cas horoskops: 19. \u2013 25. septembris &#8211; R\u012bta Kafija"},"content":{"rendered":"<ol>\n<li><a href=\"https:\/\/news.google.com\/rss\/articles\/CBMid0FVX3lxTE9HRHFIX3FIbk9TZ3U3YWwtMEM4UDZ5NVNjVTdIWDdhUmEtZGNMTHR4OVVORlBPd1ZCRWJiWTNIa1Y4Mk9vcVQ4R19xMGRBSm5XMGYyM2c3M0hmS2Z6c01RczJMUHJnRHVORHlvdmhuQ1FQTzFnZUo4?oc=5\" target=\"_blank\" rel=\"nofollow noopener\">Ned\u0113\u013cas horoskops: 19. \u2013 25. septembris<\/a>&nbsp;&nbsp;R\u012bta Kafija<\/li>\n<li><a href=\"https:\/\/news.google.com\/rss\/articles\/CBMic0FVX3lxTE1IaTFGaW9MVi1WN1JFejZsbHRnS2RFbWNEUjVBVVozSzNySUZKTzFsMXBmcklIMzJYYVZhdjBGU29ic0dlMHNCM2pjRTZ3c211YmdZRjNKUmZkM0FMcnctR0l0TmdJLXRPT1FoQTRSd1RuMTA?oc=5\" target=\"_blank\" rel=\"nofollow noopener\">Horoskops piektdienai &#8211; 19. septembrim<\/a>&nbsp;&nbsp;Apollo.lv<\/li>\n<li><a href=\"https:\/\/news.google.com\/rss\/articles\/CBMieEFVX3lxTE1XMkx0NWN3SWhSbDdUajhyeXpKVHhtMTdFMWRTelVBWVMwaVdxSnhLSWZoU1VrTUF0T2V3N2licDhBN0s1eGlXaE5zbmJZc2Nxd0x3RjAtRXNpRDh3cFNzaXFWVHlxVEtnVU92c2xVSWgyVEQxaWRfNw?oc=5\" target=\"_blank\" rel=\"nofollow noopener\">V\u0113r\u0161iem iesp\u0113jams p\u0101rpratums sirds liet\u0101s, Me\u017e\u0101\u017eiem j\u0101noska\u0146ojas izaicin\u0101jumiem \u2013 19. septembra horoskops<\/a>&nbsp;&nbsp;tv3.lv<\/li>\n<li><a href=\"https:\/\/news.google.com\/rss\/articles\/CBMifkFVX3lxTE5jTndGcktmNTFPSENhelpJYUs5dEU0X0daUXQzbF9GbDdyYjhPOWFkMml6SWR2X0pXZC1JVXQyZ3pkNkNWYmJiV3RpZDRyTklEQzNDVHVXRFNTNEJIQkJhczZLcmtFWk1ObFVPd1JWTGdMTTlRX3hiRmR6R0Q0Zw?oc=5\" target=\"_blank\" rel=\"nofollow noopener\">Horoskops l\u012bdz 25. septembrim<\/a>&nbsp;&nbsp;ZiemelLatvija.lv<\/li>\n<li><a href=\"https:\/\/news.google.com\/rss\/articles\/CBMiqAFBVV95cUxOZmJqaHFKbE9qWFZQS1Z2U29yS3hJaDhacjRhdEo2b3JlYjJwOVM1UFJnT05ya09XU3o4OFhWX2ZwVEtPZkJoc3BOMFktaTFpaTJma25yYmcxcV8zY0tORnV6dmFZdjh2Qm10RldkTHdRejFFVllQX1dsSjNVS0J5eWJ6bVFEenNBVVk4ZVRlLVM3OXJFVGxxUFNIWXowOVFhcWpKS3V6Yzk?oc=5\" target=\"_blank\" rel=\"nofollow noopener\">\u0160odien jut\u012bsies vajadz\u012bgs, un gr\u016bt\u012bbas tevi pat iedvesmos. Dienas horoskops 19. septembrim<\/a>&nbsp;&nbsp;LA.LV<\/li>\n<\/ol>\n","protected":false},"excerpt":{"rendered":"Ned\u0113\u013cas horoskops: 19. \u2013 25. septembris&nbsp;&nbsp;R\u012bta Kafija Horoskops piektdienai &#8211; 19. septembrim&nbsp;&nbsp;Apollo.lv V\u0113r\u0161iem iesp\u0113jams p\u0101rpratums sirds liet\u0101s, Me\u017e\u0101\u017eiem&hellip;\n","protected":false},"author":2,"featured_media":1471,"comment_status":"","ping_status":"","sticky":false,"template":"","format":"standard","meta":{"footnotes":""},"categories":[19],"tags":[963,964,965,89,760,966,90,967,35,39,38,36,37,34,968,40,969,970,971,972,973,974,975,976,977],"class_list":{"0":"post-1470","1":"post","2":"type-post","3":"status-publish","4":"format-standard","5":"has-post-thumbnail","7":"category-izklaide","8":"tag-astrologe","9":"tag-auns","10":"tag-dvini","11":"tag-entertainment","12":"tag-horoskopi","13":"tag-inita-dilane","14":"tag-izklaide","15":"tag-jaunava","16":"tag-latvia","17":"tag-latvian","18":"tag-latviesu","19":"tag-latviesu-valoda","20":"tag-latviesuvaloda","21":"tag-latvija","22":"tag-lauva","23":"tag-lv","24":"tag-mezazis","25":"tag-nedelas-horoskops","26":"tag-skorpions","27":"tag-strelnieks","28":"tag-svari","29":"tag-udensvirs","30":"tag-versis","31":"tag-vezis","32":"tag-zivis"},"share_on_mastodon":{"url":"","error":""},"_links":{"self":[{"href":"https:\/\/www.europesays.com\/lv\/wp-json\/wp\/v2\/posts\/1470","targetHints":{"allow":["GET"]}}],"collection":[{"href":"https:\/\/www.europesays.com\/lv\/wp-json\/wp\/v2\/posts"}],"about":[{"href":"https:\/\/www.europesays.com\/lv\/wp-json\/wp\/v2\/types\/post"}],"author":[{"embeddable":true,"href":"https:\/\/www.europesays.com\/lv\/wp-json\/wp\/v2\/users\/2"}],"replies":[{"embeddable":true,"href":"https:\/\/www.europesays.com\/lv\/wp-json\/wp\/v2\/comments?post=1470"}],"version-history":[{"count":0,"href":"https:\/\/www.europesays.com\/lv\/wp-json\/wp\/v2\/posts\/1470\/revisions"}],"wp:featuredmedia":[{"embeddable":true,"href":"https:\/\/www.europesays.com\/lv\/wp-json\/wp\/v2\/media\/1471"}],"wp:attachment":[{"href":"https:\/\/www.europesays.com\/lv\/wp-json\/wp\/v2\/media?parent=1470"}],"wp:term":[{"taxonomy":"category","embeddable":true,"href":"https:\/\/www.europesays.com\/lv\/wp-json\/wp\/v2\/categories?post=1470"},{"taxonomy":"post_tag","embeddable":true,"href":"https:\/\/www.europesays.com\/lv\/wp-json\/wp\/v2\/tags?post=1470"}],"curies":[{"name":"wp","href":"https:\/\/api.w.org\/{rel}","templated":true}]}}