{"id":147005,"date":"2026-03-06T09:59:03","date_gmt":"2026-03-06T09:59:03","guid":{"rendered":"https:\/\/www.europesays.com\/lv\/147005\/"},"modified":"2026-03-06T09:59:03","modified_gmt":"2026-03-06T09:59:03","slug":"vismaz-14-valstu-parstavji-neapmekles-milanas-un-kortinas-paraolimpisko-spelu-atklasanas-ceremoniju","status":"publish","type":"post","link":"https:\/\/www.europesays.com\/lv\/147005\/","title":{"rendered":"Vismaz 14 valstu p\u0101rst\u0101vji neapmekl\u0113s Mil\u0101nas un Kort\u012bnas paraolimpisko sp\u0113\u013cu atkl\u0101\u0161anas ceremoniju"},"content":{"rendered":"<p>Piektdien, 6. mart\u0101, notiks Mil\u0101nas un Kort\u012bnas paraolimpisko sp\u0113\u013cu atkl\u0101\u0161anas ceremonija. Vair\u0101ku valstu p\u0101rst\u0101vji nol\u0113mu\u0161i pas\u0101kumu neapmekl\u0113t, jo sacens\u012bb\u0101m pieteikti se\u0161i Krievijas un \u010detri Baltkrievijas paraolimpie\u0161i, kam dota at\u013cauja start\u0113t ar savu valstu karogu.<\/p>\n<p>Starptautisk\u0101 Paralimpisk\u0101 komiteja britu raidsabiedr\u012bbai BBC tre\u0161dien apstiprin\u0101ja, ka atkl\u0101\u0161anas ceremonija nepiedal\u012bsies Ukrainas, \u010cehijas, Igaunijas, Latvijas, Lietuvas, Polijas un Somijas paraolimpie\u0161i.<\/p>\n<p>V\u0101cijas Paralimpisk\u0101 komiteja pazi\u0146ojusi, ka t\u0101s komanda piedal\u012bsies iepriek\u0161 ierakst\u012bt\u0101 pas\u0101kuma p\u0101rraid\u0113, bet nepiedal\u012bsies valstu par\u0101d\u0113, lai izr\u0101d\u012btu solidarit\u0101ti ar Ukrainu.<\/p>\n<p>BBC v\u0113sta, ka neviens Lielbrit\u0101nijas ministrs vai amatpersona nepiedal\u012bsies ziemas paraolimpisko sp\u0113\u013cu atkl\u0101\u0161anas un nosl\u0113guma ceremonij\u0101s, jo Krievijas un Baltkrievijas parasportisti tika uzaicin\u0101ti piedal\u012bties sacens\u012bb\u0101s ar savu valstu karogiem.<\/p>\n<p>&#8220;M\u0113s stingri iebilstam pret Starptautisk\u0101s Paralimpisk\u0101s komitejas l\u0113mumu at\u013caut Krievijas un Baltkrievijas sportistiem start\u0113t ar sav\u0101m valstu karogiem 2026. gada Mil\u0101nas-Kort\u012bnas ziemas paraolimpiskaj\u0101s sp\u0113l\u0113s. M\u0113s esam skaidri paudu\u0161i, ka Krievija un Baltkrievija nedr\u012bkst b\u016bt p\u0101rst\u0101v\u0113ta starptautiskaj\u0101 sport\u0101, kam\u0113r turpin\u0101s barbarisks pilna m\u0113roga kar\u0161 Ukrain\u0101,&#8221; teikts Lielbrit\u0101nijas vald\u012bbas pazi\u0146ojum\u0101.<\/p>\n<p>Ukrainas \u0101rlietu ministrs Andrijs Sibiha pazi\u0146ojis, ka kopum\u0101 14 valstu amatpersonas boikot\u0113s Mil\u0101nas-Kort\u012bnas paraolimpisko sp\u0113\u013cu atkl\u0101\u0161anas ceremoniju: Lielbrit\u0101nija, Austrija, Rum\u0101nija, Kan\u0101da, Horv\u0101tija, \u010cehija, Igaunija, Somija, V\u0101cija, Latvija, Lietuva, N\u012bderlande, Polija un Ukraina.<\/p>\n<p>Ukraina apgalvo, ka kop\u0161 2022. gada, kad Krievija s\u0101ka pilna m\u0113roga karadarb\u012bbu, ir nogalin\u0101ti 650 ukrai\u0146u sportisti un treneri, bet 800 sporta objekti ir cietu\u0161i boj\u0101jumus.<\/p>\n<p><a href=\"https:\/\/sports.tvnet.lv\/term\/879391\/milanas-kortinas-paraolimpiskas-speles\" class=\"topicLink\" target=\"_blank\" rel=\"nofollow noopener\">Mil\u0101nas-Kort\u012bnas paraolimpisk\u0101s sp\u0113les<\/a> risin\u0101sies l\u012bdz 15. martam. Sacens\u012bb\u0101s start\u0113s vair\u0101k nek\u0101 600 paraolimpie\u0161i no 56 n\u0101cij\u0101m.<\/p>\n","protected":false},"excerpt":{"rendered":"Piektdien, 6. mart\u0101, notiks Mil\u0101nas un Kort\u012bnas paraolimpisko sp\u0113\u013cu atkl\u0101\u0161anas ceremonija. Vair\u0101ku valstu p\u0101rst\u0101vji nol\u0113mu\u0161i pas\u0101kumu neapmekl\u0113t, jo&hellip;\n","protected":false},"author":2,"featured_media":147006,"comment_status":"","ping_status":"","sticky":false,"template":"","format":"standard","meta":{"footnotes":"","_share_on_mastodon":"0"},"categories":[17],"tags":[35,39,38,36,37,34,40,30300,13175,2797,3311,4265,67,3316],"class_list":["post-147005","post","type-post","status-publish","format-standard","has-post-thumbnail","category-sports","tag-latvia","tag-latvian","tag-latviesu","tag-latviesu-valoda","tag-latviesuvaloda","tag-latvija","tag-lv","tag-milanas-kortinas-paraolimpiskas-speles","tag-paralimpiesi","tag-paralimpiskas-speles","tag-paraolimpiskais-sports","tag-parasports","tag-sports","tag-ziemas-paraolimpiskas-speles"],"share_on_mastodon":{"url":"https:\/\/pubeurope.com\/@lv\/116181648169714295","error":""},"_links":{"self":[{"href":"https:\/\/www.europesays.com\/lv\/wp-json\/wp\/v2\/posts\/147005","targetHints":{"allow":["GET"]}}],"collection":[{"href":"https:\/\/www.europesays.com\/lv\/wp-json\/wp\/v2\/posts"}],"about":[{"href":"https:\/\/www.europesays.com\/lv\/wp-json\/wp\/v2\/types\/post"}],"author":[{"embeddable":true,"href":"https:\/\/www.europesays.com\/lv\/wp-json\/wp\/v2\/users\/2"}],"replies":[{"embeddable":true,"href":"https:\/\/www.europesays.com\/lv\/wp-json\/wp\/v2\/comments?post=147005"}],"version-history":[{"count":0,"href":"https:\/\/www.europesays.com\/lv\/wp-json\/wp\/v2\/posts\/147005\/revisions"}],"wp:featuredmedia":[{"embeddable":true,"href":"https:\/\/www.europesays.com\/lv\/wp-json\/wp\/v2\/media\/147006"}],"wp:attachment":[{"href":"https:\/\/www.europesays.com\/lv\/wp-json\/wp\/v2\/media?parent=147005"}],"wp:term":[{"taxonomy":"category","embeddable":true,"href":"https:\/\/www.europesays.com\/lv\/wp-json\/wp\/v2\/categories?post=147005"},{"taxonomy":"post_tag","embeddable":true,"href":"https:\/\/www.europesays.com\/lv\/wp-json\/wp\/v2\/tags?post=147005"}],"curies":[{"name":"wp","href":"https:\/\/api.w.org\/{rel}","templated":true}]}}