{"id":14708,"date":"2025-10-07T07:16:08","date_gmt":"2025-10-07T07:16:08","guid":{"rendered":"https:\/\/www.europesays.com\/lv\/14708\/"},"modified":"2025-10-07T07:16:08","modified_gmt":"2025-10-07T07:16:08","slug":"venecuela-apgalvo-ka-izjaukusi-teroraktu-pret-asv-vestniecibu","status":"publish","type":"post","link":"https:\/\/www.europesays.com\/lv\/14708\/","title":{"rendered":"Venecu\u0113la apgalvo, ka izjaukusi teroraktu pret ASV v\u0113stniec\u012bbu"},"content":{"rendered":"<p>Trampa administr\u0101cija ir nos\u016bt\u012bjusi kara ku\u0123us un lidma\u0161\u012bnas uz Kar\u012bbu j\u016bras re\u0123ionu, kur \u0161ie sp\u0113ki bombard\u0113ju\u0161i vair\u0101kus nelielus ku\u0123us Venecu\u0113las piekrastes tuvum\u0101, vainojot tos narkotiku kontraband\u0101 ar m\u0113r\u0137i t\u0101s ievest ASV. Triecienos \u0161iem ku\u0123iem ir nogalin\u0101ts vismaz 21 cilv\u0113ks.<\/p>\n<p>Maduro apgalvo, ka Trampa darb\u012bbu patiesais m\u0113r\u0137is ir re\u017e\u012bma mai\u0146a Venecu\u0113l\u0101. <a href=\"https:\/\/www.tvnet.lv\/term\/555645\/venecuela\" class=\"topicLink\" target=\"_blank\" rel=\"nofollow noopener\">Venecu\u0113la<\/a> uz t\u0101m atbild\u0113jusi, disloc\u0113jot t\u016bksto\u0161iem karav\u012bru gar sav\u0101m sauszemes un j\u016bras robe\u017e\u0101m un uz\u0146emot t\u016bksto\u0161iem cilv\u0113ku civil\u0101 zemessardz\u0113.<\/p>\n<p>ASV neatz\u012bst Maduro par 2024.gada prezidenta v\u0113l\u0113\u0161anu uzvar\u0113t\u0101ju. Ar\u012b Venecu\u0113las opoz\u012bcija un daudzas pasaules valstis ir noraid\u012bju\u0161as Maduro pasludin\u0101to uzvaru \u0161aj\u0101s v\u0113l\u0113\u0161an\u0101s, uzskatot t\u0101s par negod\u012bg\u0101m.<\/p>\n<p>Tramps devis r\u012bkojumu savam \u012bpa\u0161ajam s\u016btnim Ri\u010dardam Grenelam p\u0101rtraukt diplom\u0101tiskos kontaktus ar Venecu\u0113lu, zi\u0146o laikraksts &#8220;The New York Times&#8221;.<\/p>\n<p>Amatpersonas pirmdien atkl\u0101ja laikrakstam, ka pag\u0101ju\u0161aj\u0101 ceturtdien\u0101 Tramps augst\u0101ko milit\u0101rpersonu san\u0101ksmes laik\u0101 devis r\u012bkojumu Grenelam p\u0101rtraukt sarunas ar Venecu\u0113las prezidentu Nikolasu Maduro un visus citus diplom\u0101tiskos kontaktus ar Venecu\u0113lu.<\/p>\n<p>L\u0113muma pamat\u0101 ir Trampa neapmierin\u0101t\u012bba ar to, ka Maduro nepiekr\u012bt ASV pras\u012bb\u0101m labpr\u0101t\u012bgi atteikties no varas, k\u0101 Venecu\u0113las amatpersonu atteik\u0161an\u0101s atz\u012bt, ka t\u0101s ir iesaist\u012btas narkotiku tirdzniec\u012bb\u0101, zi\u0146oja &#8220;The New York Times&#8221;.<\/p>\n<p>ASV amatpersonas zi\u0146oja, ka Trampa administr\u0101cija ir sagatavojusi vair\u0101kus milit\u0101rus scen\u0101rijus iesp\u0113jamai konflikta eskal\u0101cijai ar Venecu\u0113lu.<\/p>\n","protected":false},"excerpt":{"rendered":"Trampa administr\u0101cija ir nos\u016bt\u012bjusi kara ku\u0123us un lidma\u0161\u012bnas uz Kar\u012bbu j\u016bras re\u0123ionu, kur \u0161ie sp\u0113ki bombard\u0113ju\u0161i vair\u0101kus nelielus&hellip;\n","protected":false},"author":2,"featured_media":14709,"comment_status":"","ping_status":"","sticky":false,"template":"","format":"standard","meta":{"footnotes":""},"categories":[14],"tags":[23,57,292,28,29,542,32,33,22,30,31,35,39,38,36,37,34,40,20,5168,26,27,24,25,358,54,55,56,21,58],"class_list":{"0":"post-14708","1":"post","2":"type-post","3":"status-publish","4":"format-standard","5":"has-post-thumbnail","7":"category-zinas-no-arvalstim","8":"tag-aktualitates","9":"tag-arvalstim","10":"tag-asv","11":"tag-breaking-news","12":"tag-breakingnews","13":"tag-donalds-tramps","14":"tag-featured-news","15":"tag-featurednews","16":"tag-headlines","17":"tag-latest-news","18":"tag-latestnews","19":"tag-latvia","20":"tag-latvian","21":"tag-latviesu","22":"tag-latviesu-valoda","23":"tag-latviesuvaloda","24":"tag-latvija","25":"tag-lv","26":"tag-news","27":"tag-nikolass-maduro","28":"tag-popularakas-zinas","29":"tag-popularakaszinas","30":"tag-top-stories","31":"tag-topstories","32":"tag-venecuela","33":"tag-world","34":"tag-world-news","35":"tag-worldnews","36":"tag-zinas","37":"tag-zinas-no-arvalstim"},"share_on_mastodon":{"url":"","error":""},"_links":{"self":[{"href":"https:\/\/www.europesays.com\/lv\/wp-json\/wp\/v2\/posts\/14708","targetHints":{"allow":["GET"]}}],"collection":[{"href":"https:\/\/www.europesays.com\/lv\/wp-json\/wp\/v2\/posts"}],"about":[{"href":"https:\/\/www.europesays.com\/lv\/wp-json\/wp\/v2\/types\/post"}],"author":[{"embeddable":true,"href":"https:\/\/www.europesays.com\/lv\/wp-json\/wp\/v2\/users\/2"}],"replies":[{"embeddable":true,"href":"https:\/\/www.europesays.com\/lv\/wp-json\/wp\/v2\/comments?post=14708"}],"version-history":[{"count":0,"href":"https:\/\/www.europesays.com\/lv\/wp-json\/wp\/v2\/posts\/14708\/revisions"}],"wp:featuredmedia":[{"embeddable":true,"href":"https:\/\/www.europesays.com\/lv\/wp-json\/wp\/v2\/media\/14709"}],"wp:attachment":[{"href":"https:\/\/www.europesays.com\/lv\/wp-json\/wp\/v2\/media?parent=14708"}],"wp:term":[{"taxonomy":"category","embeddable":true,"href":"https:\/\/www.europesays.com\/lv\/wp-json\/wp\/v2\/categories?post=14708"},{"taxonomy":"post_tag","embeddable":true,"href":"https:\/\/www.europesays.com\/lv\/wp-json\/wp\/v2\/tags?post=14708"}],"curies":[{"name":"wp","href":"https:\/\/api.w.org\/{rel}","templated":true}]}}