{"id":14712,"date":"2025-10-07T07:20:10","date_gmt":"2025-10-07T07:20:10","guid":{"rendered":"https:\/\/www.europesays.com\/lv\/14712\/"},"modified":"2025-10-07T07:20:10","modified_gmt":"2025-10-07T07:20:10","slug":"naudas-summas-latvijas-futbola-lielakas-neka-varetu-domat","status":"publish","type":"post","link":"https:\/\/www.europesays.com\/lv\/14712\/","title":{"rendered":"Naudas summas Latvijas futbol\u0101 \u2013 liel\u0101kas, nek\u0101 var\u0113tu dom\u0101t"},"content":{"rendered":"<p>14. oktobr\u012b R\u012bgu p\u0101r\u0146ems futbola sv\u0113tki \u2013 Latvijas valstsvien\u012bba savu skat\u012bt\u0101ju priek\u0161\u0101 m\u0113rosies sp\u0113kiem ar Anglijas superzvaigzn\u0113m. \u0160is notikums aicina aizdom\u0101ties par to, cik v\u0113rt\u012bgi ir pa\u0161m\u0101ju futbolisti. Lai rad\u012btu objekt\u012bv\u0101ku priek\u0161statu par naudas summ\u0101m Latvijas futbol\u0101, TVNET+ uzrun\u0101ja FK RFS m\u0101rketinga un komunik\u0101cijas vad\u012bt\u0101ju Pau\u013cu Ja\u0137eli.<\/p>\n<p>&#8220;Cilv\u0113ki Latvij\u0101 bie\u017ei vien pat nesaprot, par k\u0101d\u0101m naudas summ\u0101m un l\u012bmeni sportiskaj\u0101 zi\u0146\u0101 Virsl\u012bg\u0101 iet runa. Turkl\u0101t tas l\u012bmenis tikai aug..&#8221;<\/p>\n","protected":false},"excerpt":{"rendered":"14. oktobr\u012b R\u012bgu p\u0101r\u0146ems futbola sv\u0113tki \u2013 Latvijas valstsvien\u012bba savu skat\u012bt\u0101ju priek\u0161\u0101 m\u0113rosies sp\u0113kiem ar Anglijas superzvaigzn\u0113m. \u0160is&hellip;\n","protected":false},"author":2,"featured_media":14545,"comment_status":"","ping_status":"","sticky":false,"template":"","format":"standard","meta":{"footnotes":""},"categories":[17],"tags":[714,713,676,715,1375,35,39,38,36,37,34,40,1422,67,1324],"class_list":{"0":"post-14712","1":"post","2":"type-post","3":"status-publish","4":"format-standard","5":"has-post-thumbnail","7":"category-sports","8":"tag-futbola-jaunumi","9":"tag-futbola-virsliga","10":"tag-futbols","11":"tag-futbols-latvija","12":"tag-futbols-pasaule","13":"tag-latvia","14":"tag-latvian","15":"tag-latviesu","16":"tag-latviesu-valoda","17":"tag-latviesuvaloda","18":"tag-latvija","19":"tag-lv","20":"tag-rfs","21":"tag-sports","22":"tag-tvnet-sports"},"share_on_mastodon":{"url":"","error":""},"_links":{"self":[{"href":"https:\/\/www.europesays.com\/lv\/wp-json\/wp\/v2\/posts\/14712","targetHints":{"allow":["GET"]}}],"collection":[{"href":"https:\/\/www.europesays.com\/lv\/wp-json\/wp\/v2\/posts"}],"about":[{"href":"https:\/\/www.europesays.com\/lv\/wp-json\/wp\/v2\/types\/post"}],"author":[{"embeddable":true,"href":"https:\/\/www.europesays.com\/lv\/wp-json\/wp\/v2\/users\/2"}],"replies":[{"embeddable":true,"href":"https:\/\/www.europesays.com\/lv\/wp-json\/wp\/v2\/comments?post=14712"}],"version-history":[{"count":0,"href":"https:\/\/www.europesays.com\/lv\/wp-json\/wp\/v2\/posts\/14712\/revisions"}],"wp:featuredmedia":[{"embeddable":true,"href":"https:\/\/www.europesays.com\/lv\/wp-json\/wp\/v2\/media\/14545"}],"wp:attachment":[{"href":"https:\/\/www.europesays.com\/lv\/wp-json\/wp\/v2\/media?parent=14712"}],"wp:term":[{"taxonomy":"category","embeddable":true,"href":"https:\/\/www.europesays.com\/lv\/wp-json\/wp\/v2\/categories?post=14712"},{"taxonomy":"post_tag","embeddable":true,"href":"https:\/\/www.europesays.com\/lv\/wp-json\/wp\/v2\/tags?post=14712"}],"curies":[{"name":"wp","href":"https:\/\/api.w.org\/{rel}","templated":true}]}}