{"id":14755,"date":"2025-10-07T08:14:07","date_gmt":"2025-10-07T08:14:07","guid":{"rendered":"https:\/\/www.europesays.com\/lv\/14755\/"},"modified":"2025-10-07T08:14:07","modified_gmt":"2025-10-07T08:14:07","slug":"flyers-generalmenedzeris-slavina-abolu","status":"publish","type":"post","link":"https:\/\/www.europesays.com\/lv\/14755\/","title":{"rendered":"&#8220;Flyers&#8221; \u0123ener\u0101lmened\u017eeris slavina \u0100bolu"},"content":{"rendered":"<p>&#8220;Flyers&#8221; ofici\u0101li pazi\u0146ojusi sast\u0101vu, k\u0101d\u0101 komanda s\u0101ks 2025.\/26. gada NHL sezonu. Sast\u0101v\u0101 iek\u013cauts ar\u012b \u0100bols.<\/p>\n<p>Preses konferenc\u0113 &#8220;Flyers&#8221; \u0123ener\u0101lmened\u017eerim tika vaic\u0101ts, k\u0101das ir vi\u0146a domas par \u0100bola iek\u013c\u016b\u0161anu sast\u0101v\u0101.<\/p>\n<p>&#8220;Vi\u0146\u0161 to nopeln\u012bja,&#8221; par Latvijas hokejista izmantoto iesp\u0113ju sac\u012bja Bri\u0113rs.<\/p>\n<p>&#8220;Flyers&#8221; iepriek\u0161\u0113j\u0101 sezon\u0101 vad\u012bja D\u017eons Tortorella. Tagad komandas st\u016bri galven\u0101 trenera amat\u0101 p\u0101r\u0146\u0113mis Riks Tokets.<\/p>\n<p>&#8220;Riks un citi treneri vi\u0146u nepazina, neko daudz par vi\u0146u nezin\u0101ja \u2013 vi\u0146i bija pat\u012bkami p\u0101rsteigti,&#8221; par \u0100bolu past\u0101st\u012bja Bri\u0113rs.<\/p>\n<p>&#8220;Flyers&#8221; \u0123ener\u0101lmened\u017eeris pasm\u0113j\u0101s par to, k\u0101 \u0100bols izmain\u012bja komandas s\u0101kotn\u0113jos pl\u0101nus.<\/p>\n<p>&#8220;Es sm\u0113jos, jo nometnes s\u0101kum\u0101 dev\u0101m vi\u0146am iesp\u0113ju sp\u0113l\u0113t pirmaj\u0101 ma\u010d\u0101. Kad pl\u0101noj\u0101m sast\u0101vu otrajai, tre\u0161ajai un ceturtajai sp\u0113lei \u2013 s\u0101kum\u0101 mums vi\u0146\u0161 nebija pl\u0101nots nevien\u0101 no \u0161\u012bm sp\u0113l\u0113m,&#8221; teica \u0123ener\u0101lmened\u017eeris.<\/p>\n<p>&#8220;P\u0113c pirm\u0101s sp\u0113l\u0113s Tokets teica \u2013 es v\u0113los vi\u0146u redz\u0113t v\u0113lreiz. P\u0113c otr\u0101s sp\u0113les vi\u0146\u0161 teica \u2013 man vajag vi\u0146u redz\u0113t v\u0113lreiz. T\u0101 nu vi\u0146\u0161 sp\u0113l\u0113ja ar\u012b tre\u0161aj\u0101, ceturtaj\u0101 un piektaj\u0101 sp\u0113l\u0113. P\u0113c tam cent\u0101mies vi\u0146am iedot p\u0101rtraukumu, \u013caut uzelpot,&#8221; turpin\u0101ja Bri\u0113rs.<\/p>\n","protected":false},"excerpt":{"rendered":"&#8220;Flyers&#8221; ofici\u0101li pazi\u0146ojusi sast\u0101vu, k\u0101d\u0101 komanda s\u0101ks 2025.\/26. gada NHL sezonu. Sast\u0101v\u0101 iek\u013cauts ar\u012b \u0100bols. Preses konferenc\u0113 &#8220;Flyers&#8221;&hellip;\n","protected":false},"author":2,"featured_media":14756,"comment_status":"","ping_status":"","sticky":false,"template":"","format":"standard","meta":{"footnotes":""},"categories":[17],"tags":[3170,3169,394,3165,35,39,38,36,37,34,1532,40,835,3166,3168,67,3167],"class_list":{"0":"post-14755","1":"post","2":"type-post","3":"status-publish","4":"format-standard","5":"has-post-thumbnail","7":"category-sports","8":"tag-hk-kurbads","9":"tag-hk-riga","10":"tag-hokejs","11":"tag-khl","12":"tag-latvia","13":"tag-latvian","14":"tag-latviesu","15":"tag-latviesu-valoda","16":"tag-latviesuvaloda","17":"tag-latvija","18":"tag-latvijas-hokeja-izlase","19":"tag-lv","20":"tag-nhl","21":"tag-rigas-dinamo","22":"tag-ripa","23":"tag-sports","24":"tag-varti"},"share_on_mastodon":{"url":"","error":""},"_links":{"self":[{"href":"https:\/\/www.europesays.com\/lv\/wp-json\/wp\/v2\/posts\/14755","targetHints":{"allow":["GET"]}}],"collection":[{"href":"https:\/\/www.europesays.com\/lv\/wp-json\/wp\/v2\/posts"}],"about":[{"href":"https:\/\/www.europesays.com\/lv\/wp-json\/wp\/v2\/types\/post"}],"author":[{"embeddable":true,"href":"https:\/\/www.europesays.com\/lv\/wp-json\/wp\/v2\/users\/2"}],"replies":[{"embeddable":true,"href":"https:\/\/www.europesays.com\/lv\/wp-json\/wp\/v2\/comments?post=14755"}],"version-history":[{"count":0,"href":"https:\/\/www.europesays.com\/lv\/wp-json\/wp\/v2\/posts\/14755\/revisions"}],"wp:featuredmedia":[{"embeddable":true,"href":"https:\/\/www.europesays.com\/lv\/wp-json\/wp\/v2\/media\/14756"}],"wp:attachment":[{"href":"https:\/\/www.europesays.com\/lv\/wp-json\/wp\/v2\/media?parent=14755"}],"wp:term":[{"taxonomy":"category","embeddable":true,"href":"https:\/\/www.europesays.com\/lv\/wp-json\/wp\/v2\/categories?post=14755"},{"taxonomy":"post_tag","embeddable":true,"href":"https:\/\/www.europesays.com\/lv\/wp-json\/wp\/v2\/tags?post=14755"}],"curies":[{"name":"wp","href":"https:\/\/api.w.org\/{rel}","templated":true}]}}