{"id":14777,"date":"2025-10-07T08:46:08","date_gmt":"2025-10-07T08:46:08","guid":{"rendered":"https:\/\/www.europesays.com\/lv\/14777\/"},"modified":"2025-10-07T08:46:08","modified_gmt":"2025-10-07T08:46:08","slug":"tramps-devis-rikojumu-partraukt-diplomatiskos-kontaktus-ar-venecuelu","status":"publish","type":"post","link":"https:\/\/www.europesays.com\/lv\/14777\/","title":{"rendered":"Tramps devis r\u012bkojumu p\u0101rtraukt diplom\u0101tiskos kontaktus ar Venecu\u0113lu"},"content":{"rendered":"<p>Amatpersonas pirmdien atkl\u0101ja laikrakstam, ka pag\u0101ju\u0161aj\u0101 ceturtdien\u0101 Tramps augst\u0101ko milit\u0101rpersonu san\u0101ksmes laik\u0101 devis r\u012bkojumu Grenelam p\u0101rtraukt sarunas ar Venecu\u0113las prezidentu Nikolasu Maduro un visus citus diplom\u0101tiskos kontaktus ar Venecu\u0113lu.<\/p>\n<p>L\u0113muma pamat\u0101 ir Trampa neapmierin\u0101t\u012bba ar to, ka Maduro nepiekr\u012bt <a href=\"https:\/\/www.apollo.lv\/term\/555410\/asv\" class=\"topicLink\" target=\"_blank\" rel=\"nofollow noopener\">ASV<\/a> pras\u012bb\u0101m labpr\u0101t\u012bgi atteikties no varas, k\u0101 Venecu\u0113las amatpersonu atteik\u0161an\u0101s atz\u012bt, ka t\u0101s ir iesaist\u012btas narkotiku tirdzniec\u012bb\u0101, zi\u0146oja &#8220;The New York Times&#8221;.<\/p>\n<p>ASV amatpersonas zi\u0146oja, ka Trampa administr\u0101cija ir sagatavojusi vair\u0101kus milit\u0101rus scen\u0101rijus iesp\u0113jamai konflikta eskal\u0101cijai ar Venecu\u0113lu.<\/p>\n<p>Jau zi\u0146ots, ka Trampa administr\u0101cija izvirz\u012bjusi Venecu\u0113lu par galveno m\u0113r\u0137i sav\u0101 c\u012b\u0146\u0101 pret narkotiku kontrabandu, lai gan liel\u0101k\u0101 da\u013ca ASV non\u0101ku\u0161o neleg\u0101lo narkotiku ir ar Meksikas izcelsmi vai ievestas caur turieni.<\/p>\n<p>Trampa administr\u0101cija ir nos\u016bt\u012bjusi kara ku\u0123us un lidma\u0161\u012bnas uz Kar\u012bbu j\u016bras re\u0123ionu, kur \u0161ie sp\u0113ki bombard\u0113ju\u0161i vair\u0101kus nelielus ku\u0123us Venecu\u0113las piekrastes tuvum\u0101, vainojot tos narkotiku kontraband\u0101 ar m\u0113r\u0137i t\u0101s ievest ASV. Triecienos \u0161iem ku\u0123iem ir nogalin\u0101ts vismaz 21 cilv\u0113ks.<\/p>\n<p>Maduro apgalvo, ka Trampa darb\u012bbu patiesais m\u0113r\u0137is ir re\u017e\u012bma mai\u0146a Venecu\u0113l\u0101. <a href=\"https:\/\/www.apollo.lv\/term\/555645\/venecuela\" class=\"topicLink\" target=\"_blank\" rel=\"nofollow noopener\">Venecu\u0113la<\/a> uz t\u0101m atbild\u0113jusi, disloc\u0113jot t\u016bksto\u0161iem karav\u012bru gar sav\u0101m sauszemes un j\u016bras robe\u017e\u0101m un uz\u0146emot t\u016bksto\u0161iem cilv\u0113ku civil\u0101 zemessardz\u0113.<\/p>\n<p>ASV neatz\u012bst Maduro par 2024.gada prezidenta v\u0113l\u0113\u0161anu uzvar\u0113t\u0101ju. Ar\u012b Venecu\u0113las opoz\u012bcija un daudzas pasaules valstis ir noraid\u012bju\u0161as Maduro pasludin\u0101to uzvaru \u0161aj\u0101s v\u0113l\u0113\u0161an\u0101s, uzskatot t\u0101s par negod\u012bg\u0101m.<\/p>\n<p>ASV valsts sekret\u0101rs Marko Rubio raksturojis Maduro k\u0101 b\u0113gu\u013cot\u0101ju no tiesas, jo Maduro ASV ir izvirz\u012btas feder\u0101las aps\u016bdz\u012bbas narkotiku tirdzniec\u012bb\u0101. Rubio ar\u012b pazi\u0146oja, ka Savienot\u0101s Valstis ir palielin\u0101ju\u0161as atl\u012bdz\u012bbu l\u012bdz 50 miljoniem ASV dol\u0101ru par inform\u0101ciju, kas pal\u012bdz\u0113tu aiztur\u0113t Maduro.<\/p>\n","protected":false},"excerpt":{"rendered":"Amatpersonas pirmdien atkl\u0101ja laikrakstam, ka pag\u0101ju\u0161aj\u0101 ceturtdien\u0101 Tramps augst\u0101ko milit\u0101rpersonu san\u0101ksmes laik\u0101 devis r\u012bkojumu Grenelam p\u0101rtraukt sarunas ar&hellip;\n","protected":false},"author":2,"featured_media":11790,"comment_status":"","ping_status":"","sticky":false,"template":"","format":"standard","meta":{"footnotes":""},"categories":[14],"tags":[23,57,292,28,29,542,32,33,22,30,31,35,39,38,36,37,34,40,20,26,27,24,25,358,54,55,56,21,58],"class_list":{"0":"post-14777","1":"post","2":"type-post","3":"status-publish","4":"format-standard","5":"has-post-thumbnail","7":"category-zinas-no-arvalstim","8":"tag-aktualitates","9":"tag-arvalstim","10":"tag-asv","11":"tag-breaking-news","12":"tag-breakingnews","13":"tag-donalds-tramps","14":"tag-featured-news","15":"tag-featurednews","16":"tag-headlines","17":"tag-latest-news","18":"tag-latestnews","19":"tag-latvia","20":"tag-latvian","21":"tag-latviesu","22":"tag-latviesu-valoda","23":"tag-latviesuvaloda","24":"tag-latvija","25":"tag-lv","26":"tag-news","27":"tag-popularakas-zinas","28":"tag-popularakaszinas","29":"tag-top-stories","30":"tag-topstories","31":"tag-venecuela","32":"tag-world","33":"tag-world-news","34":"tag-worldnews","35":"tag-zinas","36":"tag-zinas-no-arvalstim"},"share_on_mastodon":{"url":"","error":""},"_links":{"self":[{"href":"https:\/\/www.europesays.com\/lv\/wp-json\/wp\/v2\/posts\/14777","targetHints":{"allow":["GET"]}}],"collection":[{"href":"https:\/\/www.europesays.com\/lv\/wp-json\/wp\/v2\/posts"}],"about":[{"href":"https:\/\/www.europesays.com\/lv\/wp-json\/wp\/v2\/types\/post"}],"author":[{"embeddable":true,"href":"https:\/\/www.europesays.com\/lv\/wp-json\/wp\/v2\/users\/2"}],"replies":[{"embeddable":true,"href":"https:\/\/www.europesays.com\/lv\/wp-json\/wp\/v2\/comments?post=14777"}],"version-history":[{"count":0,"href":"https:\/\/www.europesays.com\/lv\/wp-json\/wp\/v2\/posts\/14777\/revisions"}],"wp:featuredmedia":[{"embeddable":true,"href":"https:\/\/www.europesays.com\/lv\/wp-json\/wp\/v2\/media\/11790"}],"wp:attachment":[{"href":"https:\/\/www.europesays.com\/lv\/wp-json\/wp\/v2\/media?parent=14777"}],"wp:term":[{"taxonomy":"category","embeddable":true,"href":"https:\/\/www.europesays.com\/lv\/wp-json\/wp\/v2\/categories?post=14777"},{"taxonomy":"post_tag","embeddable":true,"href":"https:\/\/www.europesays.com\/lv\/wp-json\/wp\/v2\/tags?post=14777"}],"curies":[{"name":"wp","href":"https:\/\/api.w.org\/{rel}","templated":true}]}}