{"id":14794,"date":"2025-10-07T09:05:12","date_gmt":"2025-10-07T09:05:12","guid":{"rendered":"https:\/\/www.europesays.com\/lv\/14794\/"},"modified":"2025-10-07T09:05:12","modified_gmt":"2025-10-07T09:05:12","slug":"kas-isti-notika-uz-vieteja-cela-nica-kur-avareja-5-jauniesi-tvnet","status":"publish","type":"post","link":"https:\/\/www.europesays.com\/lv\/14794\/","title":{"rendered":"Kas \u012bsti notika uz viet\u0113j\u0101 ce\u013ca N\u012bc\u0101, kur avar\u0113ja 5 jaunie\u0161i &#8211; TVNET"},"content":{"rendered":"<ol>\n<li><a href=\"https:\/\/news.google.com\/rss\/articles\/CBMipAFBVV95cUxOVUU2cTVHQkVPUjRzOS1TNFlYM0dneTl4Q3NYSERkbUxIbWk4UWlEME02QzFHazZzWEFJWG9OZTc0M2pUd0xFSG8tMHBkQi13SzVlVjRhYTVjSlNQUXhRWS1lZXVnaFVoUHlwdE9rSnJSdGlEdmN1ZFZFcGtCVW0wMDc0ejIwQ3NRSmRIaGwzbjJjamVqRm91WUFjNi1Mbm9sVjdISg?oc=5\" target=\"_blank\" rel=\"nofollow noopener\">Kas \u012bsti notika uz viet\u0113j\u0101 ce\u013ca N\u012bc\u0101, kur avar\u0113ja 5 jaunie\u0161i<\/a>&nbsp;&nbsp;TVNET<\/li>\n<li><a href=\"https:\/\/news.google.com\/rss\/articles\/CBMiygFBVV95cUxOVjlrSWUxUnhBMktjRGtaSllsSDRDYVZnanhFdnM4M1F5dUhBU3RiY0Rzamc1T1R3VEFad0x5Wm9QR0s3QndOM0cyTHlrZkJDLU1LTnc4V01RaVlIOHVxbkxNcGR1OFpuVENCcXFWVzJubERjYldnZUpJcGRHTDJhdm9QcGJQQ0xZNmpSd0I1Z3pCNXhLeXhSQnlaR3NuSF9iSDhkekpFRlZYWllNOFNIb19PUDZvRkdQX1pxSlBQWTVrQmR2UzBHci1B?oc=5\" target=\"_blank\" rel=\"nofollow noopener\">N\u012bcas pus\u0113 \u201cMitsubishi\u201d nobrauc no ce\u013ca. Cietu\u0161ie nog\u0101d\u0101ti slimn\u012bc\u0101, viens \u2013 smag\u0101 st\u0101vokl\u012b<\/a>&nbsp;&nbsp;liepajniekiem.lv<\/li>\n<li><a href=\"https:\/\/news.google.com\/rss\/articles\/CBMitgFBVV95cUxNQjNmZmNwNE55WTVsaTdmQ0JmcnN2ZU5EYUJOT25VdVpsdWVFVk5vVm9oTHh6Smh3OUpEcHRFUkNwbjkxRkMzbUlXU3pfNzBjRld0Z0VvMDVHVkhkbTdnTHJ3aTRjZVo4R3dCOEt4UG1fQUdGRFllVFJiUzRUSFpIeDJqVG5WY0EzNUZObEg2c2FtUjBLNjF5NDJXWG5WbVd3a2RaTTZCSXVPZ2tLLWh5X0JmNlFCQQ?oc=5\" target=\"_blank\" rel=\"nofollow noopener\">N\u012bcas vidusskol\u0101 garais starpbr\u012bdis beidzas ar av\u0101riju un tra\u0123isk\u0101m sek\u0101m<\/a>&nbsp;&nbsp;Inbox.lv<\/li>\n<li><a href=\"https:\/\/news.google.com\/rss\/articles\/CBMisgFBVV95cUxQbHNCMFhBMGQ4OE5jeGJWU2V1Wk1neFU2elZ5REt3QWhsTk5TRERXR2V0UnBibWYzMnNBM1pjTDdjck1wOTFjZDV4bGFmOWx3emFseDBJRmJNYzZSbVZVbDVVYllVdEI4bm9zUUs3RWZ0ZHNoZmlJNE5iczUwWFhEWVpCWGROUFVLM0ROU1hwZ2dUMHRzSXBicXFHY3NhLVRFQjNJOE5IX1ZzYm01UU5GX2lR?oc=5\" target=\"_blank\" rel=\"nofollow noopener\">N\u012bcas pagast\u0101 apg\u0101\u017eas automa\u0161\u012bna ar pieciem jaunie\u0161iem; visi cietu\u0161i &#8211; tr\u012bs nog\u0101d\u0101ti slimn\u012bc\u0101<\/a>&nbsp;&nbsp;ReKurZeme.lv<\/li>\n<li><a href=\"https:\/\/news.google.com\/rss\/articles\/CBMivwFBVV95cUxQeGF1a2pkMEFGd2dRTzU4QkowRl9lbEJzOExJX2pGNFZFVVJaN1pucHFLbUowWWhwalpLaWhqV0VHak51VzFhWG9oRkJWa0VSNThYSzRNY2F4SXRJSUZfVFBvZmQyTF9yMXFGQjFRTTNIN0VrYWROMDBGTG1DQzRIVnVqOGNkVlY3ZFd0R1p3Q0Q5bi14TFNDM2NUMW9nQW9NSjFEOTRHWFM1SGZNZTdfa2Ewck1fSW80XzZkU0FpUQ?oc=5\" target=\"_blank\" rel=\"nofollow noopener\">\u201cTikko noliktas ties\u012bbas\u2026\u201d Smag\u0101 av\u0101rij\u0101 N\u012bc\u0101 cietu\u0161i pieci jaunie\u0161i \u2013 divi, iesp\u0113jams, nebija piespr\u0101dz\u0113ju\u0161ies<\/a>&nbsp;&nbsp;LA.LV<\/li>\n<\/ol>\n","protected":false},"excerpt":{"rendered":"Kas \u012bsti notika uz viet\u0113j\u0101 ce\u013ca N\u012bc\u0101, kur avar\u0113ja 5 jaunie\u0161i&nbsp;&nbsp;TVNET N\u012bcas pus\u0113 \u201cMitsubishi\u201d nobrauc no ce\u013ca. Cietu\u0161ie&hellip;\n","protected":false},"author":2,"featured_media":14795,"comment_status":"","ping_status":"","sticky":false,"template":"","format":"standard","meta":{"footnotes":""},"categories":[12],"tags":[23,2849,28,29,32,33,22,30,31,35,39,38,36,37,34,40,20,5179,26,27,24,25,164,21],"class_list":{"0":"post-14794","1":"post","2":"type-post","3":"status-publish","4":"format-standard","5":"has-post-thumbnail","7":"category-latvija","8":"tag-aktualitates","9":"tag-avarija","10":"tag-breaking-news","11":"tag-breakingnews","12":"tag-featured-news","13":"tag-featurednews","14":"tag-headlines","15":"tag-latest-news","16":"tag-latestnews","17":"tag-latvia","18":"tag-latvian","19":"tag-latviesu","20":"tag-latviesu-valoda","21":"tag-latviesuvaloda","22":"tag-latvija","23":"tag-lv","24":"tag-news","25":"tag-nica","26":"tag-popularakas-zinas","27":"tag-popularakaszinas","28":"tag-top-stories","29":"tag-topstories","30":"tag-tvnet-latvija","31":"tag-zinas"},"share_on_mastodon":{"url":"","error":""},"_links":{"self":[{"href":"https:\/\/www.europesays.com\/lv\/wp-json\/wp\/v2\/posts\/14794","targetHints":{"allow":["GET"]}}],"collection":[{"href":"https:\/\/www.europesays.com\/lv\/wp-json\/wp\/v2\/posts"}],"about":[{"href":"https:\/\/www.europesays.com\/lv\/wp-json\/wp\/v2\/types\/post"}],"author":[{"embeddable":true,"href":"https:\/\/www.europesays.com\/lv\/wp-json\/wp\/v2\/users\/2"}],"replies":[{"embeddable":true,"href":"https:\/\/www.europesays.com\/lv\/wp-json\/wp\/v2\/comments?post=14794"}],"version-history":[{"count":0,"href":"https:\/\/www.europesays.com\/lv\/wp-json\/wp\/v2\/posts\/14794\/revisions"}],"wp:featuredmedia":[{"embeddable":true,"href":"https:\/\/www.europesays.com\/lv\/wp-json\/wp\/v2\/media\/14795"}],"wp:attachment":[{"href":"https:\/\/www.europesays.com\/lv\/wp-json\/wp\/v2\/media?parent=14794"}],"wp:term":[{"taxonomy":"category","embeddable":true,"href":"https:\/\/www.europesays.com\/lv\/wp-json\/wp\/v2\/categories?post=14794"},{"taxonomy":"post_tag","embeddable":true,"href":"https:\/\/www.europesays.com\/lv\/wp-json\/wp\/v2\/tags?post=14794"}],"curies":[{"name":"wp","href":"https:\/\/api.w.org\/{rel}","templated":true}]}}