{"id":14806,"date":"2025-10-07T09:20:07","date_gmt":"2025-10-07T09:20:07","guid":{"rendered":"https:\/\/www.europesays.com\/lv\/14806\/"},"modified":"2025-10-07T09:20:07","modified_gmt":"2025-10-07T09:20:07","slug":"limbazu-novada-pasvaldiba-apbalvo-sietinu-ar-naudas-balvu","status":"publish","type":"post","link":"https:\/\/www.europesays.com\/lv\/14806\/","title":{"rendered":"Limba\u017eu novada pa\u0161vald\u012bba apbalvo Sieti\u0146u ar naudas balvu"},"content":{"rendered":"<p>Naudas balva tiks pie\u0161\u0137irta no Limba\u017eu novada Izgl\u012bt\u012bbas p\u0101rvaldes bud\u017eet\u0101 rezerv\u0113t\u0101 finans\u0113juma naudas balv\u0101m par izciliem sasniegumiem sport\u0101.<\/p>\n<p>K\u0101 v\u0113st\u012bts, Sieti\u0146a septembr\u012b pasaules vieglatl\u0113tikas \u010dempion\u0101t\u0101 Tokij\u0101 ar sestaj\u0101 m\u0113\u0123in\u0101jum\u0101 sasniegtu jaunu personisko rekordu 64,64 metri \u0161\u0137\u0113pa me\u0161an\u0101 izc\u012bn\u012bja otro vietu, atk\u0101rtojot Latvijas vieglatl\u0113tu lab\u0101ko sasniegumu pasaules meistarsac\u012bkst\u0113s.<\/p>\n<p>L\u012bdz \u0161im sudraba meda\u013cu pasaules \u010dempion\u0101tos Latvijai bija izc\u012bn\u012bjusi vien t\u0101ll\u0113c\u0113ja Ineta Radevi\u010da, kura t\u0101ll\u0113k\u0161an\u0101 bija otr\u0101 2011.gad\u0101 Dienvidkorejas pils\u0113t\u0101 Tegu.<\/p>\n<p>Sieti\u0146ai \u0161is bija ceturtais pasaules \u010dempion\u0101ts, pirms diviem gadiem Budape\u0161t\u0101 ie\u0146emot ceturto vietu.<\/p>\n<p>L\u012bdz \u0161im Latvijas sportisti pasaules meistarsac\u012bkst\u0113s bija izc\u012bn\u012bju\u0161i tr\u012bs meda\u013cas. Sudraba meda\u013cu t\u0101ll\u0113k\u0161an\u0101 2011.gad\u0101 izc\u012bn\u012bja Radevi\u010da, bet bronzas meda\u013cu &#8211; Dainis K\u016bla 1983.gad\u0101 \u0161\u0137\u0113pa me\u0161an\u0101, p\u0101rst\u0101vot PSRS izlasi, un Laura Ikauniece 2015.gad\u0101 septi\u0146c\u012b\u0146\u0101.<\/p>\n","protected":false},"excerpt":{"rendered":"Naudas balva tiks pie\u0161\u0137irta no Limba\u017eu novada Izgl\u012bt\u012bbas p\u0101rvaldes bud\u017eet\u0101 rezerv\u0113t\u0101 finans\u0113juma naudas balv\u0101m par izciliem sasniegumiem sport\u0101.&hellip;\n","protected":false},"author":2,"featured_media":14807,"comment_status":"","ping_status":"","sticky":false,"template":"","format":"standard","meta":{"footnotes":""},"categories":[17],"tags":[1753,35,39,38,36,37,34,40,67,2107],"class_list":{"0":"post-14806","1":"post","2":"type-post","3":"status-publish","4":"format-standard","5":"has-post-thumbnail","7":"category-sports","8":"tag-anete-sietina","9":"tag-latvia","10":"tag-latvian","11":"tag-latviesu","12":"tag-latviesu-valoda","13":"tag-latviesuvaloda","14":"tag-latvija","15":"tag-lv","16":"tag-sports","17":"tag-vieglatletika-latvija"},"share_on_mastodon":{"url":"","error":""},"_links":{"self":[{"href":"https:\/\/www.europesays.com\/lv\/wp-json\/wp\/v2\/posts\/14806","targetHints":{"allow":["GET"]}}],"collection":[{"href":"https:\/\/www.europesays.com\/lv\/wp-json\/wp\/v2\/posts"}],"about":[{"href":"https:\/\/www.europesays.com\/lv\/wp-json\/wp\/v2\/types\/post"}],"author":[{"embeddable":true,"href":"https:\/\/www.europesays.com\/lv\/wp-json\/wp\/v2\/users\/2"}],"replies":[{"embeddable":true,"href":"https:\/\/www.europesays.com\/lv\/wp-json\/wp\/v2\/comments?post=14806"}],"version-history":[{"count":0,"href":"https:\/\/www.europesays.com\/lv\/wp-json\/wp\/v2\/posts\/14806\/revisions"}],"wp:featuredmedia":[{"embeddable":true,"href":"https:\/\/www.europesays.com\/lv\/wp-json\/wp\/v2\/media\/14807"}],"wp:attachment":[{"href":"https:\/\/www.europesays.com\/lv\/wp-json\/wp\/v2\/media?parent=14806"}],"wp:term":[{"taxonomy":"category","embeddable":true,"href":"https:\/\/www.europesays.com\/lv\/wp-json\/wp\/v2\/categories?post=14806"},{"taxonomy":"post_tag","embeddable":true,"href":"https:\/\/www.europesays.com\/lv\/wp-json\/wp\/v2\/tags?post=14806"}],"curies":[{"name":"wp","href":"https:\/\/api.w.org\/{rel}","templated":true}]}}