{"id":14829,"date":"2025-10-07T09:40:09","date_gmt":"2025-10-07T09:40:09","guid":{"rendered":"https:\/\/www.europesays.com\/lv\/14829\/"},"modified":"2025-10-07T09:40:09","modified_gmt":"2025-10-07T09:40:09","slug":"video-%e2%9f%a9-mekle-zinatniekus-darbam-stratcom-maksliga-intelekta-laboratorija","status":"publish","type":"post","link":"https:\/\/www.europesays.com\/lv\/14829\/","title":{"rendered":"VIDEO \u27e9 Mekl\u0113 zin\u0101tniekus darbam &#8220;Stratcom&#8221; M\u0101ksl\u012bg\u0101 intelekta laboratorij\u0101"},"content":{"rendered":"<p>Vi\u0146\u0161 ar\u012b uzsv\u0113ra, ka MI att\u012bsta lielie sp\u0113l\u0113t\u0101ji, kas nav &#8220;Stratcom&#8221; jaunais centrs. Tas v\u0113rt\u0113s pamata sp\u0113ju piel\u0101go\u0161anu kognit\u012bv\u0101 kara jom\u0101. &#8220;K\u0101 aizsarg\u0101ties. Ja nepiecie\u0161ams &#8211; ar\u012b k\u0101 uzbrukt. Un k\u0101 veidot \u0161\u012bs sist\u0113mas, lai t\u0101s b\u016btu sp\u0113j\u012bgas uz \u0161\u012bm ab\u0101m liet\u0101m,&#8221; pauda S\u0101rts.<\/p>\n<p>K\u0101 v\u0113st\u012bts, \u0161ovasar vald\u012bba atbalst\u012bja ikgad\u0113jo iemaksu palielin\u0101\u0161anu NATO Strat\u0113\u0123isk\u0101s komunik\u0101cijas izcil\u012bbas centra bud\u017eet\u0101, lai tostarp nodro\u0161in\u0101tu jaun\u0101s M\u0101ksl\u012bg\u0101 intelekta laboratorijas veido\u0161anu R\u012bg\u0101.<\/p>\n<p>2025.gad\u0101 tiks s\u0101kts darbs pie M\u0101ksl\u012bg\u0101 intelekta laboratorijas izveides, lai 2026.gada beig\u0101s t\u0101 sasniegtu pilnu kapacit\u0101ti.<\/p>\n<p>NATO Strat\u0113\u0123isk\u0101s komunik\u0101cijas izcil\u012bbas centra m\u0113r\u0137is ir sniegt atbalstu un stiprin\u0101t strat\u0113\u0123isk\u0101s komunik\u0101cijas sp\u0113jas Alians\u0113. To s\u0101kotn\u0113ji dibin\u0101ja Latvija, Igaunija, It\u0101lija, Lielbrit\u0101nija, Lietuva, Polija un V\u0101cija, un turpm\u0101kajos gados centram pievienoj\u0101s N\u012bderlande, Somija, Zviedrija, Kan\u0101da, Slov\u0101kija, D\u0101nija, ASV, Ung\u0101rija, Francija un Sp\u0101nija.<\/p>\n","protected":false},"excerpt":{"rendered":"Vi\u0146\u0161 ar\u012b uzsv\u0113ra, ka MI att\u012bsta lielie sp\u0113l\u0113t\u0101ji, kas nav &#8220;Stratcom&#8221; jaunais centrs. Tas v\u0113rt\u0113s pamata sp\u0113ju piel\u0101go\u0161anu&hellip;\n","protected":false},"author":2,"featured_media":14830,"comment_status":"","ping_status":"","sticky":false,"template":"","format":"standard","meta":{"footnotes":""},"categories":[14],"tags":[23,57,28,29,32,33,22,5190,30,31,35,39,38,36,37,34,40,5192,20,26,27,5191,24,25,54,55,56,21,58],"class_list":{"0":"post-14829","1":"post","2":"type-post","3":"status-publish","4":"format-standard","5":"has-post-thumbnail","7":"category-zinas-no-arvalstim","8":"tag-aktualitates","9":"tag-arvalstim","10":"tag-breaking-news","11":"tag-breakingnews","12":"tag-featured-news","13":"tag-featurednews","14":"tag-headlines","15":"tag-janis-sarts","16":"tag-latest-news","17":"tag-latestnews","18":"tag-latvia","19":"tag-latvian","20":"tag-latviesu","21":"tag-latviesu-valoda","22":"tag-latviesuvaloda","23":"tag-latvija","24":"tag-lv","25":"tag-nato-strategiskas-komunikacijas-izcilibas-centrs","26":"tag-news","27":"tag-popularakas-zinas","28":"tag-popularakaszinas","29":"tag-stratcom","30":"tag-top-stories","31":"tag-topstories","32":"tag-world","33":"tag-world-news","34":"tag-worldnews","35":"tag-zinas","36":"tag-zinas-no-arvalstim"},"share_on_mastodon":{"url":"","error":""},"_links":{"self":[{"href":"https:\/\/www.europesays.com\/lv\/wp-json\/wp\/v2\/posts\/14829","targetHints":{"allow":["GET"]}}],"collection":[{"href":"https:\/\/www.europesays.com\/lv\/wp-json\/wp\/v2\/posts"}],"about":[{"href":"https:\/\/www.europesays.com\/lv\/wp-json\/wp\/v2\/types\/post"}],"author":[{"embeddable":true,"href":"https:\/\/www.europesays.com\/lv\/wp-json\/wp\/v2\/users\/2"}],"replies":[{"embeddable":true,"href":"https:\/\/www.europesays.com\/lv\/wp-json\/wp\/v2\/comments?post=14829"}],"version-history":[{"count":0,"href":"https:\/\/www.europesays.com\/lv\/wp-json\/wp\/v2\/posts\/14829\/revisions"}],"wp:featuredmedia":[{"embeddable":true,"href":"https:\/\/www.europesays.com\/lv\/wp-json\/wp\/v2\/media\/14830"}],"wp:attachment":[{"href":"https:\/\/www.europesays.com\/lv\/wp-json\/wp\/v2\/media?parent=14829"}],"wp:term":[{"taxonomy":"category","embeddable":true,"href":"https:\/\/www.europesays.com\/lv\/wp-json\/wp\/v2\/categories?post=14829"},{"taxonomy":"post_tag","embeddable":true,"href":"https:\/\/www.europesays.com\/lv\/wp-json\/wp\/v2\/tags?post=14829"}],"curies":[{"name":"wp","href":"https:\/\/api.w.org\/{rel}","templated":true}]}}