{"id":14856,"date":"2025-10-07T10:14:09","date_gmt":"2025-10-07T10:14:09","guid":{"rendered":"https:\/\/www.europesays.com\/lv\/14856\/"},"modified":"2025-10-07T10:14:09","modified_gmt":"2025-10-07T10:14:09","slug":"vef-riga-ar-majas-speli-saks-fiba-cempionu-ligas-sezonu","status":"publish","type":"post","link":"https:\/\/www.europesays.com\/lv\/14856\/","title":{"rendered":"&#8220;VEF R\u012bga&#8221; ar m\u0101jas sp\u0113li s\u0101ks FIBA \u010cempionu l\u012bgas sezonu"},"content":{"rendered":"<p>Ma\u010ds &#8220;Xiaomi ar\u0113n\u0101&#8221; s\u0101ksies plkst.21, tie\u0161raid\u0113 to transl\u0113jot telev\u012bzijas kan\u0101lam &#8220;Go3 Sport 2&#8221;.<\/p>\n<p>Abas komandas tik\u0101s ar\u012b iepriek\u0161\u0113j\u0101 sezon\u0101, kad grupas turn\u012br\u0101 at\u0113nie\u0161i uzvar\u0113ja ar 80:69 un 80:70.<\/p>\n<p>F grup\u0101 sp\u0113l\u0113s ar\u012b Ung\u0101rijas komanda &#8220;Szolnoki&#8221; un kvalifik\u0101ciju p\u0101rvar\u0113jus\u012b Slov\u0101kijas vien\u012bba Levices &#8220;Patrioti&#8221;.<\/p>\n<p>&#8220;VEF R\u012bga&#8221; \u0161osezon ofici\u0101l\u0101s sp\u0113l\u0113s jau ir svin\u0113jusi divas uzvaras div\u0101s Latvijas-Igaunijas Basketbola l\u012bgas sp\u0113l\u0113s, ar 122:74 pieveicot Igaunijas vien\u012bbu &#8220;Keila&#8221; un ar 94:92 uzvarot Ogr\u0113.<\/p>\n<p>AEK Grie\u0137ijas Superkausa pusfin\u0101l\u0101 ar 70:84 zaud\u0113ja Patras &#8220;Promitheas&#8221;, bet pirmaj\u0101 Grie\u0137ijas \u010dempion\u0101ta ma\u010d\u0101 sestdien viesos ar 87:85 uzvar\u0113ja Rodas &#8220;Kolossos&#8221;.<\/p>\n<p>AEK iepriek\u0161\u0113j\u0101 sezon\u0101 izc\u012bn\u012bja tre\u0161o vietu gan Grie\u0137ijas \u010dempion\u0101t\u0101, gan \u010cempionu l\u012bg\u0101, kur pusfin\u0101l\u0101 ar 65:71 piek\u0101p\u0101s n\u0101kamajai uzvar\u0113t\u0101jai no Sp\u0101nijas Malagas &#8220;Unicaja&#8221;, bet c\u012b\u0146\u0101 par tre\u0161o vietu ar 77:73 p\u0101rsp\u0113ja Sankristovala de la Lagunas &#8220;Tenerife&#8221;.<\/p>\n<p>P\u0113rn &#8220;VEF R\u012bga&#8221; sav\u0101 sestaj\u0101 \u010cempionu l\u012bgas sezon\u0101 netika t\u0101l\u0101k par pirmo posmu, ie\u0146emot p\u0113d\u0113jo vietu grup\u0101, kur\u0101 bija j\u0101tiekas ar AEK, Bonnas &#8220;Telekom&#8221; un Izra\u0113las komandu Ramatganas &#8220;Maccabi&#8221;.<\/p>\n<p>Pamatturn\u012bra pirmaj\u0101 posm\u0101 32 komandas ir sadal\u012btas asto\u0146\u0101s apak\u0161grup\u0101s. Grupu uzvar\u0113t\u0101jas nodro\u0161ina vietu otraj\u0101 posm\u0101, bet v\u0113l asto\u0146as komandas tiks noskaidrotas &#8220;play-in&#8221; k\u0101rt\u0101, kur\u0101 piedal\u012bsies otro un tre\u0161o vietu grup\u0101s ie\u0146\u0113mu\u0161\u0101s vien\u012bbas. P\u0113d\u0113jo vietu grup\u0101s ie\u0146\u0113mu\u0161aj\u0101m komand\u0101m turn\u012brs b\u016bs beidzies.<\/p>\n<p>Latvijas basketbolista Anrija Mi\u0161kas p\u0101rst\u0101v\u0113t\u0101 Tallinas &#8220;Kalev&#8221;\/&#8221;Cramo&#8221; cieta zaud\u0113jumu kvalifik\u0101cijas otraj\u0101 k\u0101rt\u0101, piek\u0101pjoties &#8220;Patrioti&#8221; komandai.<\/p>\n<p>Iepriek\u0161\u0113j\u0101 sezon\u0101 turn\u012br\u0101 otro gadu p\u0113c k\u0101rtas uzvar\u0113ja Malagas &#8220;Unicaja&#8221;, kas fin\u0101l\u0101 ar 83:67 p\u0101rsp\u0113ja Stambulas &#8220;Galatasaray&#8221; basketbolistus.<\/p>\n","protected":false},"excerpt":{"rendered":"Ma\u010ds &#8220;Xiaomi ar\u0113n\u0101&#8221; s\u0101ksies plkst.21, tie\u0161raid\u0113 to transl\u0113jot telev\u012bzijas kan\u0101lam &#8220;Go3 Sport 2&#8221;. Abas komandas tik\u0101s ar\u012b iepriek\u0161\u0113j\u0101&hellip;\n","protected":false},"author":2,"featured_media":14857,"comment_status":"","ping_status":"","sticky":false,"template":"","format":"standard","meta":{"footnotes":""},"categories":[17],"tags":[145,144,1098,2480,35,39,38,36,37,34,40,67,1618],"class_list":{"0":"post-14856","1":"post","2":"type-post","3":"status-publish","4":"format-standard","5":"has-post-thumbnail","7":"category-sports","8":"tag-basketbols","9":"tag-basketbols-latvija","10":"tag-basketbols-pasaule","11":"tag-fiba-cempionu-liga","12":"tag-latvia","13":"tag-latvian","14":"tag-latviesu","15":"tag-latviesu-valoda","16":"tag-latviesuvaloda","17":"tag-latvija","18":"tag-lv","19":"tag-sports","20":"tag-vef-riga"},"share_on_mastodon":{"url":"","error":""},"_links":{"self":[{"href":"https:\/\/www.europesays.com\/lv\/wp-json\/wp\/v2\/posts\/14856","targetHints":{"allow":["GET"]}}],"collection":[{"href":"https:\/\/www.europesays.com\/lv\/wp-json\/wp\/v2\/posts"}],"about":[{"href":"https:\/\/www.europesays.com\/lv\/wp-json\/wp\/v2\/types\/post"}],"author":[{"embeddable":true,"href":"https:\/\/www.europesays.com\/lv\/wp-json\/wp\/v2\/users\/2"}],"replies":[{"embeddable":true,"href":"https:\/\/www.europesays.com\/lv\/wp-json\/wp\/v2\/comments?post=14856"}],"version-history":[{"count":0,"href":"https:\/\/www.europesays.com\/lv\/wp-json\/wp\/v2\/posts\/14856\/revisions"}],"wp:featuredmedia":[{"embeddable":true,"href":"https:\/\/www.europesays.com\/lv\/wp-json\/wp\/v2\/media\/14857"}],"wp:attachment":[{"href":"https:\/\/www.europesays.com\/lv\/wp-json\/wp\/v2\/media?parent=14856"}],"wp:term":[{"taxonomy":"category","embeddable":true,"href":"https:\/\/www.europesays.com\/lv\/wp-json\/wp\/v2\/categories?post=14856"},{"taxonomy":"post_tag","embeddable":true,"href":"https:\/\/www.europesays.com\/lv\/wp-json\/wp\/v2\/tags?post=14856"}],"curies":[{"name":"wp","href":"https:\/\/api.w.org\/{rel}","templated":true}]}}