{"id":149624,"date":"2026-03-09T21:22:03","date_gmt":"2026-03-09T21:22:03","guid":{"rendered":"https:\/\/www.europesays.com\/lv\/149624\/"},"modified":"2026-03-09T21:22:03","modified_gmt":"2026-03-09T21:22:03","slug":"par-gada-vesturnieku-atzits-aivars-stranga-2","status":"publish","type":"post","link":"https:\/\/www.europesays.com\/lv\/149624\/","title":{"rendered":"Par gada v\u0113sturnieku atz\u012bts Aivars Stranga"},"content":{"rendered":"<p>Stranga k\u013cuvis par Gada v\u0113sturnieku atk\u0101rtoti. Pirmo reizi balvai v\u0113sturnieks tika nomin\u0113ts 2013. gad\u0101.<\/p>\n<p>Nomin\u0101cijas &#8220;Gada v\u0113sturnieks&#8221; m\u0113r\u0137is ir populariz\u0113t v\u0113sturi un piev\u0113rst sabiedr\u012bbas uzman\u012bbu Latvijas v\u0113sturnieku darbam. L\u012bdz \u0161im gada v\u0113sturnieka godu ieguvu\u0161i divpadsmit izcili zin\u0101tnieki, v\u0113stures p\u0113tnieki un skolot\u0101ji.<\/p>\n<p>Par gada v\u0113sturnieku 2024. gad\u0101 tika izv\u0113l\u0113ts R\u012bgas Valsts 1. \u0123imn\u0101zijas un R\u012bgas M\u0101kslas un mediju tehnikuma v\u0113stures skolot\u0101js, V\u0113stures un soci\u0101lo zin\u012bbu skolot\u0101ju biedr\u012bbas valdes priek\u0161s\u0113d\u0113t\u0101js un &#8220;Latvijaspieminekli.lv&#8221; veidot\u0101js Roberts \u0136ipurs. 2023. gad\u0101 \u0161o nomin\u0101ciju ieguva Somijas Zin\u0101t\u0146u akad\u0113mijas p\u0113tniece Helsinku Universit\u0101tes Aleksanteri instit\u016bt\u0101 Una Bergmane.<\/p>\n<p>Par gada v\u0113sturnieku 2022. un 2021. gada aptauj\u0101 tika izv\u0113l\u0113ta Ineta Lip\u0161a (no atk\u0101rtotas nomin\u0101cijas v\u0113sturniece atteic\u0101s, publiskojot pazi\u0146ojumu par tra\u0123isko situ\u0101ciju v\u0113stures zin\u0101tn\u0113 Latvij\u0101). 2020. gad\u0101 par gada v\u0113sturnieku k\u013cuva Andrejs Gusa\u010denko, savuk\u0101rt 2019. gad\u0101 atk\u0101rtoti &#8211; \u0112riks J\u0113kabsons (pirmo reizi &#8211; 2012. gad\u0101), 2018. gad\u0101 &#8211; Uldis Neiburgs, 2017. gad\u0101 arheolo\u0123e El\u012bna Gu\u0161\u010dika, 2016. gad\u0101 &#8211; J\u0101nis Taur\u0113ns, 2015. gad\u0101 &#8211; Harijs Tumans, 2014. gad\u0101 &#8211; Gustavs Strenga, 2013. gad\u0101 &#8211; Aivars Stranga. Par pirmo gada v\u0113sturnieku Latvij\u0101 2011. gad\u0101 k\u013cuva Kaspars Zellis.<\/p>\n<p>V\u0113stures izp\u0113tes un populariz\u0113\u0161anas biedr\u012bbas m\u0113r\u0137is ir atbalst\u012bt un populariz\u0113t v\u0113stures p\u0113tniec\u012bbu un v\u0113sturnieku intere\u0161u p\u0101rst\u0101vniec\u012bba sabiedr\u012bb\u0101.<\/p>\n","protected":false},"excerpt":{"rendered":"Stranga k\u013cuvis par Gada v\u0113sturnieku atk\u0101rtoti. Pirmo reizi balvai v\u0113sturnieks tika nomin\u0113ts 2013. gad\u0101. Nomin\u0101cijas &#8220;Gada v\u0113sturnieks&#8221; m\u0113r\u0137is&hellip;\n","protected":false},"author":2,"featured_media":149616,"comment_status":"","ping_status":"","sticky":false,"template":"","format":"standard","meta":{"footnotes":"","_share_on_mastodon":"0"},"categories":[12],"tags":[23,28,29,32,33,22,30,31,35,39,38,36,37,34,40,20,26,27,24,25,293,31396,21],"class_list":["post-149624","post","type-post","status-publish","format-standard","has-post-thumbnail","category-latvija","tag-aktualitates","tag-breaking-news","tag-breakingnews","tag-featured-news","tag-featurednews","tag-headlines","tag-latest-news","tag-latestnews","tag-latvia","tag-latvian","tag-latviesu","tag-latviesu-valoda","tag-latviesuvaloda","tag-latvija","tag-lv","tag-news","tag-popularakas-zinas","tag-popularakaszinas","tag-top-stories","tag-topstories","tag-vesture","tag-vesturnieks","tag-zinas"],"share_on_mastodon":{"url":"https:\/\/pubeurope.com\/@lv\/116201320815698778","error":""},"_links":{"self":[{"href":"https:\/\/www.europesays.com\/lv\/wp-json\/wp\/v2\/posts\/149624","targetHints":{"allow":["GET"]}}],"collection":[{"href":"https:\/\/www.europesays.com\/lv\/wp-json\/wp\/v2\/posts"}],"about":[{"href":"https:\/\/www.europesays.com\/lv\/wp-json\/wp\/v2\/types\/post"}],"author":[{"embeddable":true,"href":"https:\/\/www.europesays.com\/lv\/wp-json\/wp\/v2\/users\/2"}],"replies":[{"embeddable":true,"href":"https:\/\/www.europesays.com\/lv\/wp-json\/wp\/v2\/comments?post=149624"}],"version-history":[{"count":0,"href":"https:\/\/www.europesays.com\/lv\/wp-json\/wp\/v2\/posts\/149624\/revisions"}],"wp:featuredmedia":[{"embeddable":true,"href":"https:\/\/www.europesays.com\/lv\/wp-json\/wp\/v2\/media\/149616"}],"wp:attachment":[{"href":"https:\/\/www.europesays.com\/lv\/wp-json\/wp\/v2\/media?parent=149624"}],"wp:term":[{"taxonomy":"category","embeddable":true,"href":"https:\/\/www.europesays.com\/lv\/wp-json\/wp\/v2\/categories?post=149624"},{"taxonomy":"post_tag","embeddable":true,"href":"https:\/\/www.europesays.com\/lv\/wp-json\/wp\/v2\/tags?post=149624"}],"curies":[{"name":"wp","href":"https:\/\/api.w.org\/{rel}","templated":true}]}}