{"id":14989,"date":"2025-10-07T12:53:17","date_gmt":"2025-10-07T12:53:17","guid":{"rendered":"https:\/\/www.europesays.com\/lv\/14989\/"},"modified":"2025-10-07T12:53:17","modified_gmt":"2025-10-07T12:53:17","slug":"pec-15-gadiem-atsak-meklet-rezekne-pazudusu-meiteni","status":"publish","type":"post","link":"https:\/\/www.europesays.com\/lv\/14989\/","title":{"rendered":"P\u0113c 15 gadiem ats\u0101k mekl\u0113t R\u0113zekn\u0113 pazudu\u0161u meiteni"},"content":{"rendered":"<p>Krist\u012bne Volkova pazuda pirms 15 gadiem. Toreiz\u0113j\u0101 policijas un aculiecinieku versija liecin\u0101ja par nosl\u012bk\u0161anu, ta\u010du meitenes \u0137ermenis nekad netika atrasts. P\u0113c meitenes mammas l\u016bguma un r\u016bp\u012bgas s\u0101kotn\u0113jo materi\u0101lu anal\u012bzes un R\u0113zeknes upes apvidus izp\u0113tes, &#8220;Bezvests.lv&#8221; p\u0101rst\u0101vji nol\u0113mu\u0161i iesaist\u012bties lietas risin\u0101\u0161an\u0101.<\/p>\n<p>&#8220;M\u0113s saprotam, cik sare\u017e\u0123\u012bts ir \u0161is gad\u012bjums un cik daudz gadu ir pag\u0101jis,&#8221; nor\u0101da organiz\u0101cijas p\u0101rst\u0101vji. &#8220;Tom\u0113r uzskat\u0101m, ka ir svar\u012bgi izdar\u012bt visu iesp\u0113jamo, lai pieliktu punktu \u0161im st\u0101stam un izbeigtu daudzus gadus ilgu\u0161\u0101s s\u0101pes un nezi\u0146u \u0123imenei.&#8221;<\/p>\n<p>Organiz\u0101cija aicina pal\u012bg\u0101 R\u0113zeknes iedz\u012bvot\u0101jus un citus br\u012bvpr\u0101t\u012bgos. Atbalsts nepiecie\u0161ams krasta un upes l\u012bnijas p\u0101rmekl\u0113\u0161an\u0101.<\/p>\n<p>Organiz\u0101cija uzsver, ka visi pas\u0101kumi tiks veikti stingri likuma ietvaros un tikai kop\u012bg\u0101 koordin\u0101cij\u0101 ar &#8220;Bezvests.lv. Tiek l\u016bgts neorganiz\u0113t patst\u0101v\u012bgas mekl\u0113\u0161anas, lai nodro\u0161in\u0101tu gan cilv\u0113ku dro\u0161\u012bbu, gan mekl\u0113to posmu prec\u012bzu fiks\u0101ciju.<\/p>\n<p>Notikumu att\u012bst\u012bbai pla\u0161\u0101k var\u0113s sekot tie\u0161saistes \u017eurn\u0101l\u0101 TVNET+.<\/p>\n","protected":false},"excerpt":{"rendered":"Krist\u012bne Volkova pazuda pirms 15 gadiem. Toreiz\u0113j\u0101 policijas un aculiecinieku versija liecin\u0101ja par nosl\u012bk\u0161anu, ta\u010du meitenes \u0137ermenis nekad&hellip;\n","protected":false},"author":2,"featured_media":14990,"comment_status":"","ping_status":"","sticky":false,"template":"","format":"standard","meta":{"footnotes":""},"categories":[12],"tags":[23,5216,5218,5217,28,29,32,33,22,30,31,35,39,38,36,37,34,40,20,26,27,167,24,25,21],"class_list":{"0":"post-14989","1":"post","2":"type-post","3":"status-publish","4":"format-standard","5":"has-post-thumbnail","7":"category-latvija","8":"tag-aktualitates","9":"tag-bezvests","10":"tag-bezvests-pazudusais","11":"tag-bezvests-lv","12":"tag-breaking-news","13":"tag-breakingnews","14":"tag-featured-news","15":"tag-featurednews","16":"tag-headlines","17":"tag-latest-news","18":"tag-latestnews","19":"tag-latvia","20":"tag-latvian","21":"tag-latviesu","22":"tag-latviesu-valoda","23":"tag-latviesuvaloda","24":"tag-latvija","25":"tag-lv","26":"tag-news","27":"tag-popularakas-zinas","28":"tag-popularakaszinas","29":"tag-rezekne","30":"tag-top-stories","31":"tag-topstories","32":"tag-zinas"},"share_on_mastodon":{"url":"","error":""},"_links":{"self":[{"href":"https:\/\/www.europesays.com\/lv\/wp-json\/wp\/v2\/posts\/14989","targetHints":{"allow":["GET"]}}],"collection":[{"href":"https:\/\/www.europesays.com\/lv\/wp-json\/wp\/v2\/posts"}],"about":[{"href":"https:\/\/www.europesays.com\/lv\/wp-json\/wp\/v2\/types\/post"}],"author":[{"embeddable":true,"href":"https:\/\/www.europesays.com\/lv\/wp-json\/wp\/v2\/users\/2"}],"replies":[{"embeddable":true,"href":"https:\/\/www.europesays.com\/lv\/wp-json\/wp\/v2\/comments?post=14989"}],"version-history":[{"count":0,"href":"https:\/\/www.europesays.com\/lv\/wp-json\/wp\/v2\/posts\/14989\/revisions"}],"wp:featuredmedia":[{"embeddable":true,"href":"https:\/\/www.europesays.com\/lv\/wp-json\/wp\/v2\/media\/14990"}],"wp:attachment":[{"href":"https:\/\/www.europesays.com\/lv\/wp-json\/wp\/v2\/media?parent=14989"}],"wp:term":[{"taxonomy":"category","embeddable":true,"href":"https:\/\/www.europesays.com\/lv\/wp-json\/wp\/v2\/categories?post=14989"},{"taxonomy":"post_tag","embeddable":true,"href":"https:\/\/www.europesays.com\/lv\/wp-json\/wp\/v2\/tags?post=14989"}],"curies":[{"name":"wp","href":"https:\/\/api.w.org\/{rel}","templated":true}]}}