{"id":14999,"date":"2025-10-07T13:04:08","date_gmt":"2025-10-07T13:04:08","guid":{"rendered":"https:\/\/www.europesays.com\/lv\/14999\/"},"modified":"2025-10-07T13:04:08","modified_gmt":"2025-10-07T13:04:08","slug":"lietuva-samazina-cihanouskas-apsardzes-limeni","status":"publish","type":"post","link":"https:\/\/www.europesays.com\/lv\/14999\/","title":{"rendered":"Lietuva samazina Cihanouskas apsardzes l\u012bmeni"},"content":{"rendered":"<p>\u0160o faktu port\u0101lam apstiprin\u0101jis Lietuvas \u0101rlietu ministrs \u0136\u0113stutis Budris.<\/p>\n<p>K\u0101 zi\u0146o LRT, p\u0113c apsardzes l\u012bme\u0146a samazin\u0101\u0161anas par Cihanouskas apsardzi g\u0101d\u0101 nevis Vad\u012bbas apsardzes dienests, kas l\u012bdz \u0161im nodro\u0161in\u0101ja Cihanouskai valsts galvas l\u012bme\u0146a apsardzi, bet Krimin\u0101lpolicijas birojs, kas nodro\u0161ina apsardzi person\u0101m, kuras objekt\u012bvi var saskarties ar noteiktiem draudiem.<\/p>\n<p>Lai gan ofici\u0101li koment\u0101ri par \u0161o l\u0113mumu nav sniegti, t\u0101 \u012bsteno\u0161ana s\u0101k\u0101s 1.oktobr\u012b ar p\u0101rejas periodu l\u012bdz novembrim.<\/p>\n<p>&#8220;Lai neapdraud\u0113tu aizsarg\u0101jam\u0101s personas dro\u0161\u012bbu, m\u0113s nevaram publiski koment\u0113t \u0161o jaut\u0101jumu, k\u0101 ar\u012b nevaram apstiprin\u0101t vai noliegt jaut\u0101jumus par apsardzes pastiprin\u0101\u0161anu vai samazin\u0101\u0161anu. Dienesta veiktie dro\u0161\u012bbas pas\u0101kumi ir konfidenci\u0101la inform\u0101cija, kuru m\u0113s nevaram publiski koment\u0113t,&#8221; LRT port\u0101lam sac\u012bja Vad\u012bbas apsardzes dienesta direktora pirmais vietnieks Pau\u013cus Nemira.<\/p>\n<blockquote class=\"quote ck-widget\" contenteditable=\"false\">\n<p>Vad\u012bbas apsardzes dienests s\u0101ka apsarg\u0101t Cihanousku, kad vi\u0146a 2020.gad\u0101 ierad\u0101s Lietuv\u0101 p\u0113c tam, kad bija spiesta atst\u0101t Baltkrieviju.<\/p>\n<\/blockquote>\n<p>P\u0113c LRT avotu teikt\u0101. vi\u0146as apsardze un papildu pakalpojumi valstij izmaks\u0101 aptuveni vienu miljonu eiro gad\u0101, tostarp diennakts fizisk\u0101 apsardze Lietuv\u0101 un \u0101rvalst\u012bs, apsardzes automa\u0161\u012bnas, rezidences uztur\u0113\u0161ana un VIP termin\u0101\u013cu izmanto\u0161ana lidost\u0101s.<\/p>\n<p>Izmaksas par lidostu VIP termin\u0101\u013ciem 2024.gad\u0101 bija 129 t\u016bksto\u0161i eiro, bet 2023.gad\u0101 &#8211; 92 t\u016bksto\u0161i eiro.<\/p>\n","protected":false},"excerpt":{"rendered":"\u0160o faktu port\u0101lam apstiprin\u0101jis Lietuvas \u0101rlietu ministrs \u0136\u0113stutis Budris. K\u0101 zi\u0146o LRT, p\u0113c apsardzes l\u012bme\u0146a samazin\u0101\u0161anas par Cihanouskas&hellip;\n","protected":false},"author":2,"featured_media":15000,"comment_status":"","ping_status":"","sticky":false,"template":"","format":"standard","meta":{"footnotes":""},"categories":[14],"tags":[23,57,2416,28,29,32,33,22,30,31,35,39,38,36,37,34,1464,40,20,26,27,5220,24,25,54,55,56,21,58],"class_list":{"0":"post-14999","1":"post","2":"type-post","3":"status-publish","4":"format-standard","5":"has-post-thumbnail","7":"category-zinas-no-arvalstim","8":"tag-aktualitates","9":"tag-arvalstim","10":"tag-baltkrievija","11":"tag-breaking-news","12":"tag-breakingnews","13":"tag-featured-news","14":"tag-featurednews","15":"tag-headlines","16":"tag-latest-news","17":"tag-latestnews","18":"tag-latvia","19":"tag-latvian","20":"tag-latviesu","21":"tag-latviesu-valoda","22":"tag-latviesuvaloda","23":"tag-latvija","24":"tag-lietuva","25":"tag-lv","26":"tag-news","27":"tag-popularakas-zinas","28":"tag-popularakaszinas","29":"tag-svjatlana-cihanouska","30":"tag-top-stories","31":"tag-topstories","32":"tag-world","33":"tag-world-news","34":"tag-worldnews","35":"tag-zinas","36":"tag-zinas-no-arvalstim"},"share_on_mastodon":{"url":"","error":""},"_links":{"self":[{"href":"https:\/\/www.europesays.com\/lv\/wp-json\/wp\/v2\/posts\/14999","targetHints":{"allow":["GET"]}}],"collection":[{"href":"https:\/\/www.europesays.com\/lv\/wp-json\/wp\/v2\/posts"}],"about":[{"href":"https:\/\/www.europesays.com\/lv\/wp-json\/wp\/v2\/types\/post"}],"author":[{"embeddable":true,"href":"https:\/\/www.europesays.com\/lv\/wp-json\/wp\/v2\/users\/2"}],"replies":[{"embeddable":true,"href":"https:\/\/www.europesays.com\/lv\/wp-json\/wp\/v2\/comments?post=14999"}],"version-history":[{"count":0,"href":"https:\/\/www.europesays.com\/lv\/wp-json\/wp\/v2\/posts\/14999\/revisions"}],"wp:featuredmedia":[{"embeddable":true,"href":"https:\/\/www.europesays.com\/lv\/wp-json\/wp\/v2\/media\/15000"}],"wp:attachment":[{"href":"https:\/\/www.europesays.com\/lv\/wp-json\/wp\/v2\/media?parent=14999"}],"wp:term":[{"taxonomy":"category","embeddable":true,"href":"https:\/\/www.europesays.com\/lv\/wp-json\/wp\/v2\/categories?post=14999"},{"taxonomy":"post_tag","embeddable":true,"href":"https:\/\/www.europesays.com\/lv\/wp-json\/wp\/v2\/tags?post=14999"}],"curies":[{"name":"wp","href":"https:\/\/api.w.org\/{rel}","templated":true}]}}