{"id":1500,"date":"2025-09-22T07:41:10","date_gmt":"2025-09-22T07:41:10","guid":{"rendered":"https:\/\/www.europesays.com\/lv\/1500\/"},"modified":"2025-09-22T07:41:10","modified_gmt":"2025-09-22T07:41:10","slug":"palestinas-valsts-atzisana-ir-izradisanas","status":"publish","type":"post","link":"https:\/\/www.europesays.com\/lv\/1500\/","title":{"rendered":"Palest\u012bnas valsts atz\u012b\u0161ana ir izr\u0101d\u012b\u0161an\u0101s"},"content":{"rendered":"<p>&#8220;M\u0113s joproj\u0101m esam koncentr\u0113ju\u0161ies uz nopietnu diplom\u0101tiju, nevis uz demonstrat\u012bviem \u017eestiem. M\u016bsu priorit\u0101tes ir skaidras &#8211; \u0137\u012blnieku atbr\u012bvo\u0161ana, Izra\u0113las dro\u0161\u012bba un visa re\u0123iona miers un labkl\u0101j\u012bba, kas iesp\u0113jama vien\u012bgi atbr\u012bvojoties no &#8220;Ham\u0101s&#8221;,&#8221; nor\u0101d\u012bja anon\u012bms <a href=\"https:\/\/www.apollo.lv\/term\/555410\/asv\" class=\"topicLink\" target=\"_blank\" rel=\"nofollow noopener\">ASV<\/a> Valsts departamenta p\u0101rst\u0101vis.<\/p>\n<p>K\u0101 zi\u0146ots, Lielbrit\u0101nija, Austr\u0101lija, Kan\u0101da un Portug\u0101le sv\u0113tdien atzina Palest\u012bnas valsti. V\u0113l vair\u0101kas rietumvalstis, taj\u0101 skait\u0101 Francija, pazi\u0146oju\u0161as, ka atz\u012bs Palest\u012bnu \u0161oned\u0113\u013c ANO \u0122ener\u0101l\u0101s asamblejas laik\u0101 \u0145ujork\u0101.<\/p>\n","protected":false},"excerpt":{"rendered":"&#8220;M\u0113s joproj\u0101m esam koncentr\u0113ju\u0161ies uz nopietnu diplom\u0101tiju, nevis uz demonstrat\u012bviem \u017eestiem. M\u016bsu priorit\u0101tes ir skaidras &#8211; \u0137\u012blnieku atbr\u012bvo\u0161ana,&hellip;\n","protected":false},"author":2,"featured_media":1501,"comment_status":"","ping_status":"","sticky":false,"template":"","format":"standard","meta":{"footnotes":""},"categories":[5],"tags":[23,292,28,29,32,33,22,30,31,35,39,38,36,37,34,40,20,488,26,27,24,25,21],"class_list":{"0":"post-1500","1":"post","2":"type-post","3":"status-publish","4":"format-standard","5":"has-post-thumbnail","7":"category-aktualitates","8":"tag-aktualitates","9":"tag-asv","10":"tag-breaking-news","11":"tag-breakingnews","12":"tag-featured-news","13":"tag-featurednews","14":"tag-headlines","15":"tag-latest-news","16":"tag-latestnews","17":"tag-latvia","18":"tag-latvian","19":"tag-latviesu","20":"tag-latviesu-valoda","21":"tag-latviesuvaloda","22":"tag-latvija","23":"tag-lv","24":"tag-news","25":"tag-palestina","26":"tag-popularakas-zinas","27":"tag-popularakaszinas","28":"tag-top-stories","29":"tag-topstories","30":"tag-zinas"},"share_on_mastodon":{"url":"","error":""},"_links":{"self":[{"href":"https:\/\/www.europesays.com\/lv\/wp-json\/wp\/v2\/posts\/1500","targetHints":{"allow":["GET"]}}],"collection":[{"href":"https:\/\/www.europesays.com\/lv\/wp-json\/wp\/v2\/posts"}],"about":[{"href":"https:\/\/www.europesays.com\/lv\/wp-json\/wp\/v2\/types\/post"}],"author":[{"embeddable":true,"href":"https:\/\/www.europesays.com\/lv\/wp-json\/wp\/v2\/users\/2"}],"replies":[{"embeddable":true,"href":"https:\/\/www.europesays.com\/lv\/wp-json\/wp\/v2\/comments?post=1500"}],"version-history":[{"count":0,"href":"https:\/\/www.europesays.com\/lv\/wp-json\/wp\/v2\/posts\/1500\/revisions"}],"wp:featuredmedia":[{"embeddable":true,"href":"https:\/\/www.europesays.com\/lv\/wp-json\/wp\/v2\/media\/1501"}],"wp:attachment":[{"href":"https:\/\/www.europesays.com\/lv\/wp-json\/wp\/v2\/media?parent=1500"}],"wp:term":[{"taxonomy":"category","embeddable":true,"href":"https:\/\/www.europesays.com\/lv\/wp-json\/wp\/v2\/categories?post=1500"},{"taxonomy":"post_tag","embeddable":true,"href":"https:\/\/www.europesays.com\/lv\/wp-json\/wp\/v2\/tags?post=1500"}],"curies":[{"name":"wp","href":"https:\/\/api.w.org\/{rel}","templated":true}]}}