{"id":15003,"date":"2025-10-07T13:10:07","date_gmt":"2025-10-07T13:10:07","guid":{"rendered":"https:\/\/www.europesays.com\/lv\/15003\/"},"modified":"2025-10-07T13:10:07","modified_gmt":"2025-10-07T13:10:07","slug":"uznemeji-un-eksperti-riga-diskutes-par-drosibu-noturibu-un-izaugsmi-parmainu-laika","status":"publish","type":"post","link":"https:\/\/www.europesays.com\/lv\/15003\/","title":{"rendered":"Uz\u0146\u0113m\u0113ji un eksperti R\u012bg\u0101 diskut\u0113s par dro\u0161\u012bbu, notur\u012bbu un izaugsmi p\u0101rmai\u0146u laik\u0101"},"content":{"rendered":"<p>Pas\u0101kum\u0101 piedal\u012bsies t\u0101di starptautiski atz\u012bti dro\u0161\u012bbas, ekonomikas un politikas eksperti k\u0101 Dr. Bataleme, Argent\u012bnas Aizsardz\u012bbas ministrijas starptautisko attiec\u012bbu valsts sekret\u0101rs, Deivids Katlers, biju\u0161ais ASV Aizsardz\u012bbas pretizl\u016bko\u0161anas un dro\u0161\u012bbas a\u0123ent\u016bras direktors, El\u012bna Ribakova, P\u012btersona Starptautisk\u0101 ekonomikas instit\u016bta viesp\u0113tniece, Jorgoss Verd\u012b, politikas p\u0113tnieks Eiropas \u0100rpolitikas padomes Eiropas ener\u0123\u0113tikas programm\u0101, Artis Pabriks, Zieme\u013ceiropas politikas centra vad\u012bt\u0101js un biju\u0161ais aizsardz\u012bbas ministrs, k\u0101 ar\u012b Egita Po\u013canska, riska kapit\u0101la fonda \u201cOutlast Fund\u201d partnere un Latvijas \u0100rlietu ministrijas padomniece tehnolo\u0123iju jaut\u0101jumos. Diskusijas vad\u012bs Dr. K\u0101rlis Bukovskis, Latvijas \u0100rlietu instit\u016bta direktors, un Makss Sedons, laikraksta \u201cFinancial Times\u201d Maskavas biroja vad\u012bt\u0101js.<\/p>\n<p>Lai solidariz\u0113tos ar Ukrainu un praktiski atbalst\u012btu t\u0101s ce\u013cu uz Eiropas Savien\u012bbu, Latvijas tehnolo\u0123iju uz\u0146\u0113mums \u201cTilde\u201d pas\u0101kuma laik\u0101 nodos Ukrainas v\u0113stniekam Latvij\u0101 Anatolijam Kucevolam jaunizstr\u0101d\u0101tu m\u0101ksl\u012bg\u0101 intelekta tulko\u0161anas platformu. \u0160is risin\u0101jums pal\u012bdz\u0113s risin\u0101t vienu no b\u016btisk\u0101kajiem Ukrainas pievieno\u0161an\u0101s izaicin\u0101jumiem \u2013 nacion\u0101lo ties\u012bbu aktu tulko\u0161anu un saska\u0146o\u0161anu ar Eiropas Savien\u012bbas ties\u012bbu aktiem.<\/p>\n<p>Pas\u0101kums uz\u0146\u0113m\u0113jiem organiz\u0113 Latvijas Transatlantisk\u0101 organiz\u0101cija (LATO) un Latvijas Republikas \u0100rlietu ministrija.<\/p>\n","protected":false},"excerpt":{"rendered":"Pas\u0101kum\u0101 piedal\u012bsies t\u0101di starptautiski atz\u012bti dro\u0161\u012bbas, ekonomikas un politikas eksperti k\u0101 Dr. Bataleme, Argent\u012bnas Aizsardz\u012bbas ministrijas starptautisko attiec\u012bbu&hellip;\n","protected":false},"author":2,"featured_media":15004,"comment_status":"","ping_status":"","sticky":false,"template":"","format":"standard","meta":{"footnotes":""},"categories":[14],"tags":[23,57,28,29,32,33,22,30,31,35,39,38,36,37,34,40,20,26,27,5222,24,25,793,54,55,56,21,58],"class_list":{"0":"post-15003","1":"post","2":"type-post","3":"status-publish","4":"format-standard","5":"has-post-thumbnail","7":"category-zinas-no-arvalstim","8":"tag-aktualitates","9":"tag-arvalstim","10":"tag-breaking-news","11":"tag-breakingnews","12":"tag-featured-news","13":"tag-featurednews","14":"tag-headlines","15":"tag-latest-news","16":"tag-latestnews","17":"tag-latvia","18":"tag-latvian","19":"tag-latviesu","20":"tag-latviesu-valoda","21":"tag-latviesuvaloda","22":"tag-latvija","23":"tag-lv","24":"tag-news","25":"tag-popularakas-zinas","26":"tag-popularakaszinas","27":"tag-rigas-konference","28":"tag-top-stories","29":"tag-topstories","30":"tag-uznemejdarbiba","31":"tag-world","32":"tag-world-news","33":"tag-worldnews","34":"tag-zinas","35":"tag-zinas-no-arvalstim"},"share_on_mastodon":{"url":"","error":""},"_links":{"self":[{"href":"https:\/\/www.europesays.com\/lv\/wp-json\/wp\/v2\/posts\/15003","targetHints":{"allow":["GET"]}}],"collection":[{"href":"https:\/\/www.europesays.com\/lv\/wp-json\/wp\/v2\/posts"}],"about":[{"href":"https:\/\/www.europesays.com\/lv\/wp-json\/wp\/v2\/types\/post"}],"author":[{"embeddable":true,"href":"https:\/\/www.europesays.com\/lv\/wp-json\/wp\/v2\/users\/2"}],"replies":[{"embeddable":true,"href":"https:\/\/www.europesays.com\/lv\/wp-json\/wp\/v2\/comments?post=15003"}],"version-history":[{"count":0,"href":"https:\/\/www.europesays.com\/lv\/wp-json\/wp\/v2\/posts\/15003\/revisions"}],"wp:featuredmedia":[{"embeddable":true,"href":"https:\/\/www.europesays.com\/lv\/wp-json\/wp\/v2\/media\/15004"}],"wp:attachment":[{"href":"https:\/\/www.europesays.com\/lv\/wp-json\/wp\/v2\/media?parent=15003"}],"wp:term":[{"taxonomy":"category","embeddable":true,"href":"https:\/\/www.europesays.com\/lv\/wp-json\/wp\/v2\/categories?post=15003"},{"taxonomy":"post_tag","embeddable":true,"href":"https:\/\/www.europesays.com\/lv\/wp-json\/wp\/v2\/tags?post=15003"}],"curies":[{"name":"wp","href":"https:\/\/api.w.org\/{rel}","templated":true}]}}