{"id":15018,"date":"2025-10-07T13:21:14","date_gmt":"2025-10-07T13:21:14","guid":{"rendered":"https:\/\/www.europesays.com\/lv\/15018\/"},"modified":"2025-10-07T13:21:14","modified_gmt":"2025-10-07T13:21:14","slug":"limbazu-novada-pasvaldiba-pieskir-1000-eiro-premiju-skepmetejai-sietinai","status":"publish","type":"post","link":"https:\/\/www.europesays.com\/lv\/15018\/","title":{"rendered":"Limba\u017eu novada pa\u0161vald\u012bba pie\u0161\u0137ir 1000 eiro pr\u0113miju \u0161\u0137\u0113pmet\u0113jai Sieti\u0146ai"},"content":{"rendered":"<p>Limba\u017eu novada pa\u0161vald\u012bba pie\u0161\u0137irs 1000 eiro naudas balvu \u0161\u0137\u0113pmet\u0113jai Anetei Sieti\u0146ai par pasaules \u010dempion\u0101t\u0101 izc\u012bn\u012bto sudraba meda\u013cu \u0161\u0137\u0113pa me\u0161an\u0101, liecina domes s\u0113des l\u0113mums.<\/p>\n<p>Naudas balva tiks pie\u0161\u0137irta no Limba\u017eu novada Izgl\u012bt\u012bbas p\u0101rvaldes bud\u017eet\u0101 rezerv\u0113t\u0101 finans\u0113juma naudas balv\u0101m par izciliem sasniegumiem sport\u0101.<\/p>\n<p>K\u0101 v\u0113st\u012bts, Sieti\u0146a septembr\u012b pasaules vieglatl\u0113tikas \u010dempion\u0101t\u0101 Tokij\u0101 ar sestaj\u0101 m\u0113\u0123in\u0101jum\u0101 sasniegtu jaunu personisko rekordu 64,64 metri \u0161\u0137\u0113pa me\u0161an\u0101 izc\u012bn\u012bja otro vietu, atk\u0101rtojot Latvijas vieglatl\u0113tu lab\u0101ko sasniegumu pasaules meistarsac\u012bkst\u0113s.<\/p>\n<p>L\u012bdz \u0161im sudraba meda\u013cu pasaules \u010dempion\u0101tos Latvijai bija izc\u012bn\u012bjusi vien t\u0101ll\u0113c\u0113ja Ineta Radevi\u010da, kura t\u0101ll\u0113k\u0161an\u0101 bija otr\u0101 2011.gad\u0101 Dienvidkorejas pils\u0113t\u0101 Tegu.<\/p>\n<p>Sieti\u0146ai \u0161is bija ceturtais pasaules \u010dempion\u0101ts, pirms diviem gadiem Budape\u0161t\u0101 ie\u0146emot ceturto vietu.<\/p>\n<p>L\u012bdz \u0161im Latvijas sportisti pasaules meistarsac\u012bkst\u0113s bija izc\u012bn\u012bju\u0161i tr\u012bs meda\u013cas. Sudraba meda\u013cu t\u0101ll\u0113k\u0161an\u0101 2011.gad\u0101 izc\u012bn\u012bja Radevi\u010da, bet bronzas meda\u013cu &#8211; Dainis K\u016bla 1983.gad\u0101 \u0161\u0137\u0113pa me\u0161an\u0101, p\u0101rst\u0101vot PSRS izlasi, un Laura Ikauniece 2015.gad\u0101 septi\u0146c\u012b\u0146\u0101.<\/p>\n<p><img decoding=\"async\" src=\"https:\/\/www.europesays.com\/lv\/wp-content\/uploads\/2025\/10\/508b096f8f5496ba2a46c2aa3628abc9.jpg\" title=\"\u0160\u0137\u0113pmet\u0113ja Anete Sieti\u0146a. Foto: Edijs P\u0101lens\/LETA\" alt=\"\u0160\u0137\u0113pmet\u0113ja Anete Sieti\u0146a. Foto: Edijs P\u0101lens\/LETA\"\/><\/p>\n<p class=\"article-img-desc\">\u0160\u0137\u0113pmet\u0113ja Anete Sieti\u0146a. Foto: Edijs P\u0101lens\/LETA<\/p>\n","protected":false},"excerpt":{"rendered":"Limba\u017eu novada pa\u0161vald\u012bba pie\u0161\u0137irs 1000 eiro naudas balvu \u0161\u0137\u0113pmet\u0113jai Anetei Sieti\u0146ai par pasaules \u010dempion\u0101t\u0101 izc\u012bn\u012bto sudraba meda\u013cu \u0161\u0137\u0113pa&hellip;\n","protected":false},"author":2,"featured_media":15019,"comment_status":"","ping_status":"","sticky":false,"template":"","format":"standard","meta":{"footnotes":""},"categories":[17],"tags":[129,126,35,39,38,36,37,34,40,127,67,128],"class_list":{"0":"post-15018","1":"post","2":"type-post","3":"status-publish","4":"format-standard","5":"has-post-thumbnail","7":"category-sports","8":"tag-__typenameadvicekeyword","9":"tag-id770","10":"tag-latvia","11":"tag-latvian","12":"tag-latviesu","13":"tag-latviesu-valoda","14":"tag-latviesuvaloda","15":"tag-latvija","16":"tag-lv","17":"tag-slugsports","18":"tag-sports","19":"tag-titlesports"},"share_on_mastodon":{"url":"","error":""},"_links":{"self":[{"href":"https:\/\/www.europesays.com\/lv\/wp-json\/wp\/v2\/posts\/15018","targetHints":{"allow":["GET"]}}],"collection":[{"href":"https:\/\/www.europesays.com\/lv\/wp-json\/wp\/v2\/posts"}],"about":[{"href":"https:\/\/www.europesays.com\/lv\/wp-json\/wp\/v2\/types\/post"}],"author":[{"embeddable":true,"href":"https:\/\/www.europesays.com\/lv\/wp-json\/wp\/v2\/users\/2"}],"replies":[{"embeddable":true,"href":"https:\/\/www.europesays.com\/lv\/wp-json\/wp\/v2\/comments?post=15018"}],"version-history":[{"count":0,"href":"https:\/\/www.europesays.com\/lv\/wp-json\/wp\/v2\/posts\/15018\/revisions"}],"wp:featuredmedia":[{"embeddable":true,"href":"https:\/\/www.europesays.com\/lv\/wp-json\/wp\/v2\/media\/15019"}],"wp:attachment":[{"href":"https:\/\/www.europesays.com\/lv\/wp-json\/wp\/v2\/media?parent=15018"}],"wp:term":[{"taxonomy":"category","embeddable":true,"href":"https:\/\/www.europesays.com\/lv\/wp-json\/wp\/v2\/categories?post=15018"},{"taxonomy":"post_tag","embeddable":true,"href":"https:\/\/www.europesays.com\/lv\/wp-json\/wp\/v2\/tags?post=15018"}],"curies":[{"name":"wp","href":"https:\/\/api.w.org\/{rel}","templated":true}]}}