{"id":150218,"date":"2026-03-10T14:19:10","date_gmt":"2026-03-10T14:19:10","guid":{"rendered":"https:\/\/www.europesays.com\/lv\/150218\/"},"modified":"2026-03-10T14:19:10","modified_gmt":"2026-03-10T14:19:10","slug":"fotografiska-centra-tallina-bus-skatama-intas-rukas-izstade-vietas-kuras-devet-par-majam","status":"publish","type":"post","link":"https:\/\/www.europesays.com\/lv\/150218\/","title":{"rendered":"Fotografiska&#8221; centr\u0101 Tallin\u0101 b\u016bs skat\u0101ma Intas Rukas izst\u0101de &#8220;Vietas, kuras d\u0113v\u0113t par m\u0101j\u0101m"},"content":{"rendered":"<p><img decoding=\"async\" class=\"figure__image\" onclick=\"triggerEvent('articleImageClick', { id: 17502019, focus: 'single-image', focusIndex: '17502019' })\" onkeydown=\"if (event.key === 'Enter') {&#10;        triggerEvent('articleImageClick', { id: 17502019, focus: 'single-image', focusIndex: '17502019' })&#10;        }\" role=\"button\" tabindex=\"0\" data-focus-from=\"single-image\" data-focus-index=\"17502019\" src=\"https:\/\/www.europesays.com\/lv\/wp-content\/uploads\/2026\/03\/17502019t1h8828.jpg\"  onload=\"this.parentElement.classList.remove('figure__image-loading')\" alt=\"Daina Tavare ar b\u0113rniem Edgaru un Ivetu.\"\/>Daina Tavare ar b\u0113rniem Edgaru un Ivetu. Foto: Inta Ruka\/A Places Called Home<\/p>\n<p>S\u0113rija &#8220;Mani lauku \u013caudis&#8221; aizs\u0101k\u0101s 1983. gad\u0101, kad Inta Ruka s\u0101ka apmekl\u0113t ciematus Balvu apvid\u016b Zieme\u013clatvij\u0101. Gandr\u012bz divdesmit gadus vi\u0146a fotograf\u0113ja cilv\u0113kus, kuri bija piedz\u012bvoju\u0161i karu, divas okup\u0101cijas un dzi\u013cas soci\u0101lpolitisk\u0101s p\u0101rmai\u0146as. Att\u0113los redzamas m\u0101jas un dz\u012bvesvides, kur\u0101s nebija elektr\u012bbas, un dz\u012bvesveids, kas jau bija s\u0101cis izzust. \u0160\u012bs fotogr\u0101fijas atkl\u0101j st\u0101stu par lauku dz\u012bvi, darbu, atmi\u0146\u0101m un dzi\u013cu pieder\u012bbas saj\u016btu. S\u0113rija p\u0101rst\u0101v\u0113ja Latviju 1999. gada Ven\u0113cijas bienn\u0101l\u0113 un kalpoja par m\u0101kslinieces starptautisk\u0101s atpaz\u012bstam\u012bbas stiprin\u0101t\u0101ju.<\/p>\n<p><img decoding=\"async\" class=\"figure__image\" onclick=\"triggerEvent('articleImageClick', { id: 17502086, focus: 'single-image', focusIndex: '17502086' })\" onkeydown=\"if (event.key === 'Enter') {&#10;        triggerEvent('articleImageClick', { id: 17502086, focus: 'single-image', focusIndex: '17502086' })&#10;        }\" role=\"button\" tabindex=\"0\" data-focus-from=\"single-image\" data-focus-index=\"17502086\" src=\"https:\/\/www.europesays.com\/lv\/wp-content\/uploads\/2026\/03\/17502086t1hdc28.jpg\"  onload=\"this.parentElement.classList.remove('figure__image-loading')\" alt=\"Oksana \u0160ilova. 2005. No s\u0113rijas &quot;Am\u0101lijas iela 5a&quot;.\"\/>Oksana \u0160ilova. 2005. No s\u0113rijas &#8220;Am\u0101lijas iela 5a&#8221;. Foto: Inta Ruka\/A Places Called Home<\/p>\n<p>Izst\u0101des otr\u0101 s\u0113rija &#8220;Am\u0101lijas iela 5a&#8221; ir ilgtermi\u0146a portrets par 20. gadsimta s\u0101kuma daudzdz\u012bvok\u013cu namu R\u012bgas centr\u0101. 2000. gadu vid\u016b, pils\u0113tas dz\u012bves ritm\u0101, Am\u0101lijas iel\u0101 \u0100genskaln\u0101 joproj\u0101m past\u0101v\u0113ja piln\u012bgi savrupa pasaule: grants ce\u013ci, pietic\u012bgi m\u0101jok\u013cu interjeri un klusa atmosf\u0113ra mazo ieli\u0146u labirintos.<\/p>\n<p><img decoding=\"async\" class=\"figure__image\" onclick=\"triggerEvent('articleImageClick', { id: 17502089, focus: 'single-image', focusIndex: '17502089' })\" onkeydown=\"if (event.key === 'Enter') {&#10;        triggerEvent('articleImageClick', { id: 17502089, focus: 'single-image', focusIndex: '17502089' })&#10;        }\" role=\"button\" tabindex=\"0\" data-focus-from=\"single-image\" data-focus-index=\"17502089\" src=\"https:\/\/www.europesays.com\/lv\/wp-content\/uploads\/2026\/03\/17502089t1hea50.jpg\"  onload=\"this.parentElement.classList.remove('figure__image-loading')\" alt=\"Tija Puplaka. 2005. No s\u0113rijas &quot;Am\u0101lijas iela 5a&quot;.\"\/>Tija Puplaka. 2005. No s\u0113rijas &#8220;Am\u0101lijas iela 5a&#8221;. Foto: Inta Ruka\/A Places Called Home<\/p>\n<p>\u010cetru gadu garum\u0101 fotogr\u0101fe sekoja l\u012bdzi Am\u0101lijas iel\u0101 5a eso\u0161\u0101s \u0113kas iem\u012btnieku dz\u012bvei \u2013 kopum\u0101 gandr\u012bz simts cilv\u0113kiem no da\u017e\u0101d\u0101m paaudz\u0113m, kuru ikdiena norisin\u0101j\u0101s vien\u0101 un taj\u0101 pa\u0161\u0101 adres\u0113. Ruka k\u013cuva par da\u013cu no iem\u012btnieku dz\u012bves \u2013 vair\u0101k par draugu, nek\u0101 nov\u0113rot\u0101ju. S\u0113rija sast\u0101v galvenok\u0101rt no portretiem, bet taj\u0101 ir ar\u012b nelieli notikumi un mirk\u013ci, kas kop\u0101 veido kol\u0101\u017eveida ilustr\u0101ciju par to, kas \u0161o vietu daudziem r\u012bdziniekiem padar\u012bja par no sirds neatraujamu m\u0101jvietu.<\/p>\n","protected":false},"excerpt":{"rendered":"Daina Tavare ar b\u0113rniem Edgaru un Ivetu. Foto: Inta Ruka\/A Places Called Home S\u0113rija &#8220;Mani lauku \u013caudis&#8221; aizs\u0101k\u0101s&hellip;\n","protected":false},"author":2,"featured_media":150219,"comment_status":"","ping_status":"","sticky":false,"template":"","format":"standard","meta":{"footnotes":"","_share_on_mastodon":"0"},"categories":[19],"tags":[89,7042,14907,31448,31449,90,35,39,38,36,37,34,40],"class_list":["post-150218","post","type-post","status-publish","format-standard","has-post-thumbnail","category-izklaide","tag-entertainment","tag-fotografija","tag-fotografijas-vesture","tag-fotografiska-tallinn","tag-inta-ruka","tag-izklaide","tag-latvia","tag-latvian","tag-latviesu","tag-latviesu-valoda","tag-latviesuvaloda","tag-latvija","tag-lv"],"share_on_mastodon":{"url":"https:\/\/pubeurope.com\/@lv\/116205319828155758","error":""},"_links":{"self":[{"href":"https:\/\/www.europesays.com\/lv\/wp-json\/wp\/v2\/posts\/150218","targetHints":{"allow":["GET"]}}],"collection":[{"href":"https:\/\/www.europesays.com\/lv\/wp-json\/wp\/v2\/posts"}],"about":[{"href":"https:\/\/www.europesays.com\/lv\/wp-json\/wp\/v2\/types\/post"}],"author":[{"embeddable":true,"href":"https:\/\/www.europesays.com\/lv\/wp-json\/wp\/v2\/users\/2"}],"replies":[{"embeddable":true,"href":"https:\/\/www.europesays.com\/lv\/wp-json\/wp\/v2\/comments?post=150218"}],"version-history":[{"count":0,"href":"https:\/\/www.europesays.com\/lv\/wp-json\/wp\/v2\/posts\/150218\/revisions"}],"wp:featuredmedia":[{"embeddable":true,"href":"https:\/\/www.europesays.com\/lv\/wp-json\/wp\/v2\/media\/150219"}],"wp:attachment":[{"href":"https:\/\/www.europesays.com\/lv\/wp-json\/wp\/v2\/media?parent=150218"}],"wp:term":[{"taxonomy":"category","embeddable":true,"href":"https:\/\/www.europesays.com\/lv\/wp-json\/wp\/v2\/categories?post=150218"},{"taxonomy":"post_tag","embeddable":true,"href":"https:\/\/www.europesays.com\/lv\/wp-json\/wp\/v2\/tags?post=150218"}],"curies":[{"name":"wp","href":"https:\/\/api.w.org\/{rel}","templated":true}]}}