{"id":15112,"date":"2025-10-07T15:31:45","date_gmt":"2025-10-07T15:31:45","guid":{"rendered":"https:\/\/www.europesays.com\/lv\/15112\/"},"modified":"2025-10-07T15:31:45","modified_gmt":"2025-10-07T15:31:45","slug":"latvija-vadis-nato-projektu-ukrainas-militaras-slimnicas-atjaunosanai","status":"publish","type":"post","link":"https:\/\/www.europesays.com\/lv\/15112\/","title":{"rendered":"Latvija vad\u012bs NATO projektu Ukrainas milit\u0101r\u0101s slimn\u012bcas atjauno\u0161anai"},"content":{"rendered":"<p>Katras slimn\u012bcas atjauno\u0161anu koordin\u0113s viena no <a href=\"https:\/\/www.tvnet.lv\/term\/9898\/nato\" class=\"topicLink\" target=\"_blank\" rel=\"nofollow noopener\">NATO<\/a> dal\u012bbvalst\u012bm, un Latvija uz\u0146emsies vad\u012bbu vien\u0101 no t\u0101m. Projekts iek\u013cauts NATO Visaptvero\u0161\u0101s atbalsta pakotn\u0113, lai izveidotu modernus rehabilit\u0101cijas centrus, kas pal\u012bdz\u0113tu ievainotajiem karav\u012briem atgriezties dienest\u0101 vai integr\u0113ties civilaj\u0101 dz\u012bv\u0113.<\/p>\n<p>\u0100rlietu ministre Baiba Bra\u017ee (JV) nor\u0101da, ka NATO l\u0113mums uztic\u0113t Latvijai slimn\u012bcas atjauno\u0161anas vad\u012bbu ir augsts nov\u0113rt\u0113jums valsts l\u012bdz\u0161in\u0113j\u0101m p\u016bl\u0113m Ukrainas atbalstam.<\/p>\n<p>&#8220;NATO uztic\u0113\u0161an\u0101s Latvijas sp\u0113j\u0101m, aicinot pievienoties nelielajai projekta \u012bstenot\u0101ju grupai, ir augst\u0101kais nov\u0113rt\u0113jums t\u0101m instit\u016bcij\u0101m, organiz\u0101cij\u0101m un medi\u0137iem, kuri ikdien\u0101 jau str\u0101d\u0101 Ukrainas atbalstam,&#8221; uzsver ministre.<\/p>\n<p>\u0100M nor\u0101da, ka dal\u012bba projekt\u0101 &#8220;Atjaunot\u0101js&#8221; sniegs praktisku ieguld\u012bjumu Ukrainas atjauno\u0161an\u0101 un stiprin\u0101s sadarb\u012bbu ar NATO, k\u0101 ar\u012b veicin\u0101s zin\u0101\u0161anu un pieredzes apmai\u0146u ar Ukrainas medic\u012bnas speci\u0101listiem.<\/p>\n<p>Latvija \u012bsteno vair\u0101kus atbalsta pas\u0101kumus Ukrainas civil\u0101s infrastrukt\u016bras atjauno\u0161an\u0101, tostarp tr\u012bs slimn\u012bcu rekonstrukcijas projektus. Savuk\u0101rt Latvijas medi\u0137i no Nacion\u0101l\u0101 rehabilit\u0101cijas centra &#8220;Vaivari&#8221;, R\u012bgas Austrumu slimn\u012bcas, Vidzemes rehabilit\u0101cijas centra un cit\u0101m instit\u016bcij\u0101m turpina apm\u0101c\u012bt Ukrainas speci\u0101listus.<\/p>\n","protected":false},"excerpt":{"rendered":"Katras slimn\u012bcas atjauno\u0161anu koordin\u0113s viena no NATO dal\u012bbvalst\u012bm, un Latvija uz\u0146emsies vad\u012bbu vien\u0101 no t\u0101m. Projekts iek\u013cauts NATO&hellip;\n","protected":false},"author":2,"featured_media":15113,"comment_status":"","ping_status":"","sticky":false,"template":"","format":"standard","meta":{"footnotes":""},"categories":[12],"tags":[23,28,29,32,33,22,30,31,35,39,38,36,37,34,40,71,20,26,27,24,25,276,21],"class_list":{"0":"post-15112","1":"post","2":"type-post","3":"status-publish","4":"format-standard","5":"has-post-thumbnail","7":"category-latvija","8":"tag-aktualitates","9":"tag-breaking-news","10":"tag-breakingnews","11":"tag-featured-news","12":"tag-featurednews","13":"tag-headlines","14":"tag-latest-news","15":"tag-latestnews","16":"tag-latvia","17":"tag-latvian","18":"tag-latviesu","19":"tag-latviesu-valoda","20":"tag-latviesuvaloda","21":"tag-latvija","22":"tag-lv","23":"tag-nato","24":"tag-news","25":"tag-popularakas-zinas","26":"tag-popularakaszinas","27":"tag-top-stories","28":"tag-topstories","29":"tag-ukraina","30":"tag-zinas"},"share_on_mastodon":{"url":"","error":""},"_links":{"self":[{"href":"https:\/\/www.europesays.com\/lv\/wp-json\/wp\/v2\/posts\/15112","targetHints":{"allow":["GET"]}}],"collection":[{"href":"https:\/\/www.europesays.com\/lv\/wp-json\/wp\/v2\/posts"}],"about":[{"href":"https:\/\/www.europesays.com\/lv\/wp-json\/wp\/v2\/types\/post"}],"author":[{"embeddable":true,"href":"https:\/\/www.europesays.com\/lv\/wp-json\/wp\/v2\/users\/2"}],"replies":[{"embeddable":true,"href":"https:\/\/www.europesays.com\/lv\/wp-json\/wp\/v2\/comments?post=15112"}],"version-history":[{"count":0,"href":"https:\/\/www.europesays.com\/lv\/wp-json\/wp\/v2\/posts\/15112\/revisions"}],"wp:featuredmedia":[{"embeddable":true,"href":"https:\/\/www.europesays.com\/lv\/wp-json\/wp\/v2\/media\/15113"}],"wp:attachment":[{"href":"https:\/\/www.europesays.com\/lv\/wp-json\/wp\/v2\/media?parent=15112"}],"wp:term":[{"taxonomy":"category","embeddable":true,"href":"https:\/\/www.europesays.com\/lv\/wp-json\/wp\/v2\/categories?post=15112"},{"taxonomy":"post_tag","embeddable":true,"href":"https:\/\/www.europesays.com\/lv\/wp-json\/wp\/v2\/tags?post=15112"}],"curies":[{"name":"wp","href":"https:\/\/api.w.org\/{rel}","templated":true}]}}