{"id":15132,"date":"2025-10-07T16:12:07","date_gmt":"2025-10-07T16:12:07","guid":{"rendered":"https:\/\/www.europesays.com\/lv\/15132\/"},"modified":"2025-10-07T16:12:07","modified_gmt":"2025-10-07T16:12:07","slug":"vacija-sava-maja-atrasta-sadurta-pilsetas-mere","status":"publish","type":"post","link":"https:\/\/www.europesays.com\/lv\/15132\/","title":{"rendered":"V\u0101cij\u0101 sav\u0101 m\u0101j\u0101 atrasta sadurta pils\u0113tas m\u0113re"},"content":{"rendered":"<p>\u0160talcere ar vair\u0101k\u0101m durt\u0101m br\u016bc\u0113m atrasta pa\u0161as m\u0101j\u0101.<\/p>\n<p>Nav skaidrs, vai uzbrukums ir politiski motiv\u0113ts.<\/p>\n<p>Herdek\u0113 izv\u0113rsta pla\u0161a policijas oper\u0101cija, pazi\u0146oja kaimi\u0146pils\u0113tas H\u0101genes policijas p\u0101rst\u0101vis, nesniedzot s\u012bk\u0101ku inform\u0101ciju.<\/p>\n<p>Pag\u0101ju\u0161aj\u0101 m\u0113nes\u012b Zieme\u013creinas-Vestf\u0101lenes feder\u0101laj\u0101 zem\u0113 notiku\u0161aj\u0101s pa\u0161vald\u012bbu v\u0113l\u0113\u0161an\u0101s soci\u0101ldemokr\u0101te \u0160talcere uzvar\u0113ja Herdekes m\u0113ra v\u0113l\u0113\u0161anu otraj\u0101 k\u0101rt\u0101, sa\u0146emot 52% balsu un uzveicot krist\u012bgo demokr\u0101tu s\u0101ncensi.<\/p>\n<p>K\u0101 v\u0113sta laikraksts &#8220;Bild&#8221;, \u0160talcere tika atrasta ar durt\u0101m br\u016bc\u0113m v\u0113der\u0101 un mugur\u0101 sav\u0101s m\u0101j\u0101s, kur atrad\u0101s ar\u012b vi\u0146as adopt\u0113tie b\u0113rni &#8211; 15 gadus vecs z\u0113ns un 17 gadus veca meitene.<\/p>\n<p>Z\u0113ns policijai past\u0101st\u012bja, ka m\u0101tei uz ielas uzbruku\u0161i vair\u0101ki v\u012brie\u0161i, zi\u0146o &#8220;Bild&#8221;.<\/p>\n<p>Laikraksts piebilda, ka policija pusaudzi aizveda uz nopratin\u0101\u0161anu, sasl\u0113gtu rokudzel\u017eos.<\/p>\n<p>&#8220;Der Spiegel&#8221; raksta, ka \u0160talceru \u0123imen\u0113 \u0161\u0101 gada vasar\u0101 jau ir bijis vardarb\u012bbas gad\u012bjums \u0123imen\u0113.<\/p>\n<p>&#8220;Der Spiegel&#8221; zi\u0146o, ka politi\u0137es meita pret \u0160talceri bija pielietojusi nazi.<\/p>\n<p>Herdeke atrodas pie R\u016bras upes, un taj\u0101 ir 22 500 iedz\u012bvot\u0101ju.<\/p>\n","protected":false},"excerpt":{"rendered":"\u0160talcere ar vair\u0101k\u0101m durt\u0101m br\u016bc\u0113m atrasta pa\u0161as m\u0101j\u0101. Nav skaidrs, vai uzbrukums ir politiski motiv\u0113ts. Herdek\u0113 izv\u0113rsta pla\u0161a&hellip;\n","protected":false},"author":2,"featured_media":15133,"comment_status":"","ping_status":"","sticky":false,"template":"","format":"standard","meta":{"footnotes":""},"categories":[14],"tags":[23,57,63,65,28,29,60,32,33,59,22,70,64,30,31,35,39,38,36,37,34,40,68,20,26,27,69,66,67,24,25,62,54,55,56,21,58,61],"class_list":{"0":"post-15132","1":"post","2":"type-post","3":"status-publish","4":"format-standard","5":"has-post-thumbnail","7":"category-zinas-no-arvalstim","8":"tag-aktualitates","9":"tag-arvalstim","10":"tag-arvalstis","11":"tag-auto","12":"tag-breaking-news","13":"tag-breakingnews","14":"tag-egoiste","15":"tag-featured-news","16":"tag-featurednews","17":"tag-financenet","18":"tag-headlines","19":"tag-klik","20":"tag-kultura","21":"tag-latest-news","22":"tag-latestnews","23":"tag-latvia","24":"tag-latvian","25":"tag-latviesu","26":"tag-latviesu-valoda","27":"tag-latviesuvaloda","28":"tag-latvija","29":"tag-lv","30":"tag-maja","31":"tag-news","32":"tag-popularakas-zinas","33":"tag-popularakaszinas","34":"tag-receptes","35":"tag-sejas","36":"tag-sports","37":"tag-top-stories","38":"tag-topstories","39":"tag-viedokli","40":"tag-world","41":"tag-world-news","42":"tag-worldnews","43":"tag-zinas","44":"tag-zinas-no-arvalstim","45":"tag-zinatne"},"share_on_mastodon":{"url":"","error":""},"_links":{"self":[{"href":"https:\/\/www.europesays.com\/lv\/wp-json\/wp\/v2\/posts\/15132","targetHints":{"allow":["GET"]}}],"collection":[{"href":"https:\/\/www.europesays.com\/lv\/wp-json\/wp\/v2\/posts"}],"about":[{"href":"https:\/\/www.europesays.com\/lv\/wp-json\/wp\/v2\/types\/post"}],"author":[{"embeddable":true,"href":"https:\/\/www.europesays.com\/lv\/wp-json\/wp\/v2\/users\/2"}],"replies":[{"embeddable":true,"href":"https:\/\/www.europesays.com\/lv\/wp-json\/wp\/v2\/comments?post=15132"}],"version-history":[{"count":0,"href":"https:\/\/www.europesays.com\/lv\/wp-json\/wp\/v2\/posts\/15132\/revisions"}],"wp:featuredmedia":[{"embeddable":true,"href":"https:\/\/www.europesays.com\/lv\/wp-json\/wp\/v2\/media\/15133"}],"wp:attachment":[{"href":"https:\/\/www.europesays.com\/lv\/wp-json\/wp\/v2\/media?parent=15132"}],"wp:term":[{"taxonomy":"category","embeddable":true,"href":"https:\/\/www.europesays.com\/lv\/wp-json\/wp\/v2\/categories?post=15132"},{"taxonomy":"post_tag","embeddable":true,"href":"https:\/\/www.europesays.com\/lv\/wp-json\/wp\/v2\/tags?post=15132"}],"curies":[{"name":"wp","href":"https:\/\/api.w.org\/{rel}","templated":true}]}}