{"id":15154,"date":"2025-10-07T16:49:08","date_gmt":"2025-10-07T16:49:08","guid":{"rendered":"https:\/\/www.europesays.com\/lv\/15154\/"},"modified":"2025-10-07T16:49:08","modified_gmt":"2025-10-07T16:49:08","slug":"par-nepilngadigas-meitenes-izvarosanu-virietim-piespriez-astonu-gadu-cietumsodu","status":"publish","type":"post","link":"https:\/\/www.europesays.com\/lv\/15154\/","title":{"rendered":"Par nepilngad\u012bgas meitenes izvaro\u0161anu v\u012brietim piesprie\u017e asto\u0146u gadu cietumsodu"},"content":{"rendered":"<p>T\u0101pat v\u012brietim piem\u0113rota prob\u0101cijas uzraudz\u012bbu uz \u010detriem gadiem.<\/p>\n<p>K\u0101 noskaidrots izmekl\u0113\u0161an\u0101, 2019.gada ruden\u012b nepilngad\u012bg\u0101 meitene ierad\u0101s pie aps\u016bdz\u0113t\u0101 &#8211; m\u0101tes drauga un vi\u0146as uztic\u012bbas personas &#8211; vi\u0146a dz\u012bvesviet\u0101 Jelgav\u0101. V\u012brietis, apzinoties, ka meitene ir nepilngad\u012bga, iedeva vi\u0146ai gl\u0101zi ar alkoholisko kokteili, kuru iedzerot, cietus\u012b apreiba un k\u013cuva bezsp\u0113c\u012bga.<\/p>\n<p>Izmantojot cietu\u0161\u0101s uztic\u012bbu un apst\u0101kli, ka cietus\u012b ir alkohola reibuma st\u0101vokl\u012b, v\u012brietis, pielietojot fizisku sp\u0113ku, pret cietu\u0161\u0101s gribu veica vardarb\u012bgu dzimumaktu.<\/p>\n<p>Rietumzemgales prokurat\u016bras prokurora ieskat\u0101 tiesas piespriestais sods ir taisn\u012bgs un sam\u0113r\u012bgs, un vi\u0146\u0161 nepl\u0101no l\u016bgt tiesu sagatavot pilnu spriedumu.<\/p>\n<p>P\u0101r\u0113j\u0101s proces\u0101 iesaist\u012bt\u0101s personas desmit dienu laik\u0101 no sa\u012bsin\u0101t\u0101 sprieduma pasludin\u0101\u0161anas dienas var rakstveid\u0101 iesniegt tiesai l\u016bgumu par pilna sprieduma sagatavo\u0161anu. Ja \u0161\u0101ds l\u016bgums tiek iesniegts, tiesa sagatavo pilnu spriedumu, kuru var p\u0101rs\u016bdz\u0113t desmit darbdienu laik\u0101 no t\u0101 pieejam\u012bbas dienas.<\/p>\n","protected":false},"excerpt":{"rendered":"T\u0101pat v\u012brietim piem\u0113rota prob\u0101cijas uzraudz\u012bbu uz \u010detriem gadiem. K\u0101 noskaidrots izmekl\u0113\u0161an\u0101, 2019.gada ruden\u012b nepilngad\u012bg\u0101 meitene ierad\u0101s pie aps\u016bdz\u0113t\u0101&hellip;\n","protected":false},"author":2,"featured_media":8170,"comment_status":"","ping_status":"","sticky":false,"template":"","format":"standard","meta":{"footnotes":""},"categories":[12],"tags":[23,28,29,3368,32,33,22,5252,30,31,35,39,38,36,37,34,40,20,26,27,24,25,5251,21],"class_list":{"0":"post-15154","1":"post","2":"type-post","3":"status-publish","4":"format-standard","5":"has-post-thumbnail","7":"category-latvija","8":"tag-aktualitates","9":"tag-breaking-news","10":"tag-breakingnews","11":"tag-cietumsods","12":"tag-featured-news","13":"tag-featurednews","14":"tag-headlines","15":"tag-izvarosana","16":"tag-latest-news","17":"tag-latestnews","18":"tag-latvia","19":"tag-latvian","20":"tag-latviesu","21":"tag-latviesu-valoda","22":"tag-latviesuvaloda","23":"tag-latvija","24":"tag-lv","25":"tag-news","26":"tag-popularakas-zinas","27":"tag-popularakaszinas","28":"tag-top-stories","29":"tag-topstories","30":"tag-zemgales-rajona-tiesa","31":"tag-zinas"},"share_on_mastodon":{"url":"","error":""},"_links":{"self":[{"href":"https:\/\/www.europesays.com\/lv\/wp-json\/wp\/v2\/posts\/15154","targetHints":{"allow":["GET"]}}],"collection":[{"href":"https:\/\/www.europesays.com\/lv\/wp-json\/wp\/v2\/posts"}],"about":[{"href":"https:\/\/www.europesays.com\/lv\/wp-json\/wp\/v2\/types\/post"}],"author":[{"embeddable":true,"href":"https:\/\/www.europesays.com\/lv\/wp-json\/wp\/v2\/users\/2"}],"replies":[{"embeddable":true,"href":"https:\/\/www.europesays.com\/lv\/wp-json\/wp\/v2\/comments?post=15154"}],"version-history":[{"count":0,"href":"https:\/\/www.europesays.com\/lv\/wp-json\/wp\/v2\/posts\/15154\/revisions"}],"wp:featuredmedia":[{"embeddable":true,"href":"https:\/\/www.europesays.com\/lv\/wp-json\/wp\/v2\/media\/8170"}],"wp:attachment":[{"href":"https:\/\/www.europesays.com\/lv\/wp-json\/wp\/v2\/media?parent=15154"}],"wp:term":[{"taxonomy":"category","embeddable":true,"href":"https:\/\/www.europesays.com\/lv\/wp-json\/wp\/v2\/categories?post=15154"},{"taxonomy":"post_tag","embeddable":true,"href":"https:\/\/www.europesays.com\/lv\/wp-json\/wp\/v2\/tags?post=15154"}],"curies":[{"name":"wp","href":"https:\/\/api.w.org\/{rel}","templated":true}]}}