{"id":15159,"date":"2025-10-07T16:55:09","date_gmt":"2025-10-07T16:55:09","guid":{"rendered":"https:\/\/www.europesays.com\/lv\/15159\/"},"modified":"2025-10-07T16:55:09","modified_gmt":"2025-10-07T16:55:09","slug":"makslas-muzeja-arsenals-telpas-ieguvusas-planoto-apjomu","status":"publish","type":"post","link":"https:\/\/www.europesays.com\/lv\/15159\/","title":{"rendered":"M\u0101kslas muzeja \u201cArsen\u0101ls\u201d telpas ieguvu\u0161as pl\u0101noto apjomu"},"content":{"rendered":"<p>VAS &#8220;Valsts nekustamie \u012bpa\u0161umi&#8221; (VN\u012a) \u0161odien mediju p\u0101rst\u0101vjus iepaz\u012bstin\u0101ja ar m\u0101kslas muzeja &#8220;Arsen\u0101ls&#8221; iek\u0161telpu p\u0101rb\u016bves un atjauno\u0161anas darbu gaitu Tor\u0146a iel\u0101 1, R\u012bg\u0101.<\/p>\n<p>\u0112k\u0101 \u0161obr\u012bd ir pabeigti iek\u0161telpu demont\u0101\u017eas darbi.<\/p>\n<p>Viz\u012btes laik\u0101 bija iesp\u0113ja g\u016bt ieskatu ar\u012b digit\u0101laj\u0101 n\u0101kotnes v\u012bzij\u0101, kuru var\u0113s apskat\u012bt, mobilaj\u0101 t\u0101lrun\u012b sken\u0113jot QR kodus, kas izvietoti vair\u0101k\u0101s viet\u0101s pa visu \u0113ku.<\/p>\n<p>Viz\u012bt\u0113 piedal\u012bj\u0101s Latvijas Nacion\u0101l\u0101 m\u0101kslas muzeja direktore M\u0101ra L\u0101ce, VN\u012a valdes locekle Je\u013cena Gavrilova, VN\u012a B\u016bvniec\u012bbas Inform\u0101cijas model\u0113\u0161anas (BIM) speci\u0101liste Anastasija Be\u0137ere un b\u016bvprojektu risin\u0101jumu autori &#8211; SIA &#8220;ARH stadija&#8221; arhitektes Indra Valtere un Laila Ru\u017ea.<\/p>\n<p>Patlaban pabeigta b\u016bvprojekta izstr\u0101de un tapis b\u016bvprojekta dokument\u0101cijas digit\u0101ls modelis, izmantojot BIM metodolo\u0123iju un veicot uzlabojumus iepriek\u0161 2021.gad\u0101 &#8220;AD Spatium&#8221; izstr\u0101d\u0101tajos b\u016bvprojekta risin\u0101jumos. \u0160obr\u012bd m\u0101kslas muzeja &#8220;Arsen\u0101ls&#8221; p\u0101rb\u016bv\u0113 turpin\u0101s jumta demont\u0101\u017eas darbi, kurus pl\u0101nots pabeigt l\u012bdz oktobra beig\u0101m, k\u0101 ar\u012b jumta izb\u016bves darbi, demont\u0101\u017eas laik\u0101 atkl\u0101to plaisu velv\u0113s un sien\u0101s remontdarbi, k\u0101 ar\u012b citi b\u016bvdarbi saska\u0146\u0101 ar projektu.`<\/p>\n<p>\u0112kas atjauno\u0161anas gait\u0101 paredz\u0113ts veikt restaur\u0101cijas darbus, k\u0101 ar\u012b \u0113kas neso\u0161o konstrukciju, tostarp jumta, starpsienu, pagraba un citus p\u0101rb\u016bves darbus, iek\u0161\u0113j\u0101s apdares darbus, in\u017eeniert\u012bklu, ietverot ventil\u0101cijas, apkures, klimata kontroles, elektroapg\u0101des, v\u0101jstr\u0101vu, vad\u012bbas un automatiz\u0101cijas sist\u0113mu, apska\u0146o\u0161anas sist\u0113mas, apsardzes signaliz\u0101cijas, elektronisko sakaru t\u012bklu, k\u0101 ar\u012b videonov\u0113ro\u0161anas izb\u016bves darbus. Pl\u0101nots uzst\u0101d\u012bt ar\u012b ventil\u0101cijas un klimata kontroles sist\u0113mas, lai rad\u012btu piem\u0113rotus apst\u0101k\u013cus m\u0101kslas darbu ekspon\u0113\u0161anai un uzglab\u0101\u0161anai, k\u0101 ar\u012b nodro\u0161inot komfortu \u0113kas vispla\u0161\u0101k\u0101 spektra lietot\u0101jiem.<\/p>\n<p>Paral\u0113li darbiem &#8220;Arsen\u0101la&#8221; iek\u0161telp\u0101s ir s\u0101kti lietus \u016bdens t\u012bklu izb\u016bves darbi s\u0101npagalm\u0101 starp Saeimas namu un Arsen\u0101la \u0113ku, piesl\u0113dzot \u0101r\u0113jo lietus \u016bdens sist\u0113mu centr\u0101lajai lietus \u016bdens novad\u012b\u0161anas sist\u0113mai, t\u0101d\u0113j\u0101di risinot mitruma probl\u0113mas pagraba telp\u0101s. Lai uzlabotu pieejam\u012bbu, 2026.gad\u0101 pl\u0101nota Tor\u0146a ielas p\u0101rb\u016bve posm\u0101 no J\u0113kaba ielas l\u012bdz Arsen\u0101la ielai. Tor\u0146a ielas p\u0101rb\u016bves darbi veicin\u0101s ce\u013cu un ietvju kvalit\u0101tes uzlabo\u0161anu, padarot piek\u013cuvi m\u0101kslas muzejam \u0113rt\u0101ku un dro\u0161\u0101ku visiem apmekl\u0113t\u0101jiem.<\/p>\n<p>B\u016bvdarbus paredz\u0113ts pabeigt 2027.gada nogal\u0113. Par b\u016bvdarbu veik\u0161anu nosl\u0113gts l\u012bgums ar pilnsabiedr\u012bbu &#8220;P un S B\u016bvniec\u012bba&#8221; par l\u012bgumcenu 16 491 129 eiro ar pievienot\u0101s v\u0113rt\u012bbas nodokli (PVN). Projekta kop\u0113jais finans\u0113jums ar apropri\u0101cijas p\u0101rdali ir 19 564 108 eiro ar PVN, no kuriem 15 082 492 eiro ir Eiropas Re\u0123ion\u0101l\u0101s att\u012bst\u012bbas fonda (ERAF) finans\u0113jums.<\/p>\n<p>&#8220;Arsen\u0101ls&#8221; p\u0101rb\u016bves un restaur\u0101cijas projekts tiek finans\u0113ts no Eiropas Savien\u012bbas koh\u0113zijas politikas programmas 2021.-2027.gadam specifisk\u0101 atbalsta m\u0113r\u0137a &#8220;Viet\u0113j\u0101s teritorijas integr\u0113t\u0101s soci\u0101l\u0101s, ekonomisk\u0101s un vides att\u012bst\u012bbas un kult\u016bras mantojuma, t\u016brisma un dro\u0161\u012bbas veicin\u0101\u0161ana pils\u0113tu funkcion\u0101laj\u0101s teritorij\u0101s&#8221; &#8220;Unik\u0101la Eiropas m\u0113roga kult\u016bras mantojuma atjauno\u0161ana, lai veicin\u0101tu to piek\u013c\u016bstam\u012bbu, att\u012bstot kult\u016bras pakalpojumus&#8221; l\u012bdzek\u013ciem.<\/p>\n<p>&#8220;Arsen\u0101ls&#8221; ir klasicisma arhitekt\u016bras paraugs, un atjauno\u0161anas projekts ir da\u013ca no Kult\u016bras ministrijas virz\u012bt\u0101 normat\u012bv\u0101 regul\u0113juma unik\u0101lu valsts noz\u012bmes kult\u016bras pieminek\u013cu saglab\u0101\u0161anai, kas atrodas pils\u0113tb\u016bvniec\u012bbas pieminekl\u012b &#8220;R\u012bgas pils\u0113tas v\u0113sturiskais centrs&#8221; un vienlaic\u012bgi UNESCO pasaules kult\u016bras un dabas mantojuma vietas &#8220;R\u012bgas v\u0113sturiskais centrs&#8221; teritorij\u0101. \u0160aj\u0101 projekt\u0101 pl\u0101nots att\u012bst\u012bt piecus objektus R\u012bgas v\u0113sturiskaj\u0101 centr\u0101 &#8211; Lielo \u0123ildi, &#8220;Arsen\u0101lu&#8221;, Va\u013c\u0146u ielu un t\u0101s apk\u0101rtni, Daugavas g\u0101ti, k\u0101 ar\u012b izveidot Latvijas Nacion\u0101l\u0101 v\u0113stures muzeja ekspoz\u012bcijas R\u012bgas pil\u012b.<\/p>\n<p>VN\u012a izveidota 1996.gad\u0101, un t\u0101s vien\u012bg\u0101 \u012bpa\u0161niece ir Finan\u0161u ministrija.<\/p>\n","protected":false},"excerpt":{"rendered":"VAS &#8220;Valsts nekustamie \u012bpa\u0161umi&#8221; (VN\u012a) \u0161odien mediju p\u0101rst\u0101vjus iepaz\u012bstin\u0101ja ar m\u0101kslas muzeja &#8220;Arsen\u0101ls&#8221; iek\u0161telpu p\u0101rb\u016bves un atjauno\u0161anas darbu&hellip;\n","protected":false},"author":2,"featured_media":15160,"comment_status":"","ping_status":"","sticky":false,"template":"","format":"standard","meta":{"footnotes":""},"categories":[12],"tags":[129,2926,23,28,29,32,33,22,30,31,35,39,38,36,37,34,40,20,26,27,2927,2928,24,25,21],"class_list":{"0":"post-15159","1":"post","2":"type-post","3":"status-publish","4":"format-standard","5":"has-post-thumbnail","7":"category-latvija","8":"tag-__typenameadvicekeyword","9":"tag-id1366","10":"tag-aktualitates","11":"tag-breaking-news","12":"tag-breakingnews","13":"tag-featured-news","14":"tag-featurednews","15":"tag-headlines","16":"tag-latest-news","17":"tag-latestnews","18":"tag-latvia","19":"tag-latvian","20":"tag-latviesu","21":"tag-latviesu-valoda","22":"tag-latviesuvaloda","23":"tag-latvija","24":"tag-lv","25":"tag-news","26":"tag-popularakas-zinas","27":"tag-popularakaszinas","28":"tag-slugmaksla","29":"tag-titlemaksla","30":"tag-top-stories","31":"tag-topstories","32":"tag-zinas"},"share_on_mastodon":{"url":"","error":""},"_links":{"self":[{"href":"https:\/\/www.europesays.com\/lv\/wp-json\/wp\/v2\/posts\/15159","targetHints":{"allow":["GET"]}}],"collection":[{"href":"https:\/\/www.europesays.com\/lv\/wp-json\/wp\/v2\/posts"}],"about":[{"href":"https:\/\/www.europesays.com\/lv\/wp-json\/wp\/v2\/types\/post"}],"author":[{"embeddable":true,"href":"https:\/\/www.europesays.com\/lv\/wp-json\/wp\/v2\/users\/2"}],"replies":[{"embeddable":true,"href":"https:\/\/www.europesays.com\/lv\/wp-json\/wp\/v2\/comments?post=15159"}],"version-history":[{"count":0,"href":"https:\/\/www.europesays.com\/lv\/wp-json\/wp\/v2\/posts\/15159\/revisions"}],"wp:featuredmedia":[{"embeddable":true,"href":"https:\/\/www.europesays.com\/lv\/wp-json\/wp\/v2\/media\/15160"}],"wp:attachment":[{"href":"https:\/\/www.europesays.com\/lv\/wp-json\/wp\/v2\/media?parent=15159"}],"wp:term":[{"taxonomy":"category","embeddable":true,"href":"https:\/\/www.europesays.com\/lv\/wp-json\/wp\/v2\/categories?post=15159"},{"taxonomy":"post_tag","embeddable":true,"href":"https:\/\/www.europesays.com\/lv\/wp-json\/wp\/v2\/tags?post=15159"}],"curies":[{"name":"wp","href":"https:\/\/api.w.org\/{rel}","templated":true}]}}