{"id":15209,"date":"2025-10-07T17:54:09","date_gmt":"2025-10-07T17:54:09","guid":{"rendered":"https:\/\/www.europesays.com\/lv\/15209\/"},"modified":"2025-10-07T17:54:09","modified_gmt":"2025-10-07T17:54:09","slug":"ukrainai-ir-radusas-jaunas-ceribas-nogurdinosaja-kara-krievija-sak-zaudet-laiku","status":"publish","type":"post","link":"https:\/\/www.europesays.com\/lv\/15209\/","title":{"rendered":"Ukrainai ir radu\u0161\u0101s jaunas cer\u012bbas nogurdino\u0161aj\u0101 kar\u0101; Krievija s\u0101k zaud\u0113t laiku"},"content":{"rendered":"<p>\u201cKad p\u0113d\u0113jo reizi biju Ukrain\u0101, tas bija pirms devi\u0146iem m\u0113ne\u0161iem, <a href=\"https:\/\/www.tvnet.lv\/term\/8497\/ukraina\" class=\"topicLink\" target=\"_blank\" rel=\"nofollow noopener\">Ukraina<\/a>, \u0161\u0137iet, atrad\u0101s apgr\u016btino\u0161\u0101 situ\u0101cij\u0101 \u2013 iero\u010du pieg\u0101des kav\u0113j\u0101s, bet Krievija uzbruka frontei ar to, ko ukrai\u0146u karav\u012bri sauca par \u201cga\u013cas vi\u013c\u0146iem\u201d no, p\u0113c vi\u0146u teikt\u0101, nevajadz\u012bgajiem karav\u012briem un algot\u0146iem. Tagad, izskat\u0101s, ir radusies jauna p\u0101rliec\u012bba par to, ka Ukraina p\u0101rorient\u0113 savu dom\u0101\u0161anu uz ilgsto\u0161u karu, \u0101tri m\u0101coties kaujas lauk\u0101 un turpinot ne tikai rad\u012bt past\u0101v\u012bgus zaud\u0113jumus ienaidniekam, bet ar\u012b ierobe\u017eot savus zaud\u0113jumus,\u201d uzsv\u0113ra \u017eurn\u0101lists.<\/p>\n<p>Atva\u013cin\u0101tais \u0123ener\u0101lis, biju\u0161ais ASV armijas komandieris Eirop\u0101 Bens Hod\u017eess Vortam sac\u012bjis, ka \u201cKrievija nevar uzvar\u0113t, ja m\u0113s Rietumos piln\u012bb\u0101 nepadosimies\u201d.<\/p>\n<p>Tie\u0161i t\u0101d\u0113\u013c laiks, kas l\u012bdz \u0161im bijis Krievijas pus\u0113, tagad var k\u013c\u016bt par Ukrainas sabiedroto.<\/p>\n<p>Neviens nevar prec\u012bzi atbild\u0113t, cik ilgi Ukraina var turpin\u0101t c\u012bn\u012bties pret Krieviju. Viens no Ukrainas armijas virsniekiem sac\u012bja: \u201cM\u0113s tikko mobiliz\u0113j\u0101m grupu ar 30 v\u012brie\u0161iem. Da\u017ei no vi\u0146iem b\u0113ga no valsts, citi teica, ka ir slimi, vai ar\u012b ir ar traum\u0101m. Galu gal\u0101 \u2013 tikai asto\u0146i no vi\u0146iem non\u0101ca apm\u0101c\u012bbu centr\u0101.\u201d<\/p>\n<p>Vi\u0146\u0161 gan piebilda, ka cilv\u0113ki, kuri s\u0101k dienestu l\u012bdz 25 gadu vecumam, k\u013c\u016bst par \u013coti loj\u0101liem karav\u012briem.<\/p>\n","protected":false},"excerpt":{"rendered":"\u201cKad p\u0113d\u0113jo reizi biju Ukrain\u0101, tas bija pirms devi\u0146iem m\u0113ne\u0161iem, Ukraina, \u0161\u0137iet, atrad\u0101s apgr\u016btino\u0161\u0101 situ\u0101cij\u0101 \u2013 iero\u010du pieg\u0101des&hellip;\n","protected":false},"author":2,"featured_media":15210,"comment_status":"","ping_status":"","sticky":false,"template":"","format":"standard","meta":{"footnotes":""},"categories":[14],"tags":[23,57,28,29,32,33,22,74,30,31,35,39,38,36,37,34,40,20,26,27,24,25,276,54,55,56,21,58],"class_list":{"0":"post-15209","1":"post","2":"type-post","3":"status-publish","4":"format-standard","5":"has-post-thumbnail","7":"category-zinas-no-arvalstim","8":"tag-aktualitates","9":"tag-arvalstim","10":"tag-breaking-news","11":"tag-breakingnews","12":"tag-featured-news","13":"tag-featurednews","14":"tag-headlines","15":"tag-krievijas-iebrukums-ukraina","16":"tag-latest-news","17":"tag-latestnews","18":"tag-latvia","19":"tag-latvian","20":"tag-latviesu","21":"tag-latviesu-valoda","22":"tag-latviesuvaloda","23":"tag-latvija","24":"tag-lv","25":"tag-news","26":"tag-popularakas-zinas","27":"tag-popularakaszinas","28":"tag-top-stories","29":"tag-topstories","30":"tag-ukraina","31":"tag-world","32":"tag-world-news","33":"tag-worldnews","34":"tag-zinas","35":"tag-zinas-no-arvalstim"},"share_on_mastodon":{"url":"","error":""},"_links":{"self":[{"href":"https:\/\/www.europesays.com\/lv\/wp-json\/wp\/v2\/posts\/15209","targetHints":{"allow":["GET"]}}],"collection":[{"href":"https:\/\/www.europesays.com\/lv\/wp-json\/wp\/v2\/posts"}],"about":[{"href":"https:\/\/www.europesays.com\/lv\/wp-json\/wp\/v2\/types\/post"}],"author":[{"embeddable":true,"href":"https:\/\/www.europesays.com\/lv\/wp-json\/wp\/v2\/users\/2"}],"replies":[{"embeddable":true,"href":"https:\/\/www.europesays.com\/lv\/wp-json\/wp\/v2\/comments?post=15209"}],"version-history":[{"count":0,"href":"https:\/\/www.europesays.com\/lv\/wp-json\/wp\/v2\/posts\/15209\/revisions"}],"wp:featuredmedia":[{"embeddable":true,"href":"https:\/\/www.europesays.com\/lv\/wp-json\/wp\/v2\/media\/15210"}],"wp:attachment":[{"href":"https:\/\/www.europesays.com\/lv\/wp-json\/wp\/v2\/media?parent=15209"}],"wp:term":[{"taxonomy":"category","embeddable":true,"href":"https:\/\/www.europesays.com\/lv\/wp-json\/wp\/v2\/categories?post=15209"},{"taxonomy":"post_tag","embeddable":true,"href":"https:\/\/www.europesays.com\/lv\/wp-json\/wp\/v2\/tags?post=15209"}],"curies":[{"name":"wp","href":"https:\/\/api.w.org\/{rel}","templated":true}]}}