{"id":15221,"date":"2025-10-07T18:08:08","date_gmt":"2025-10-07T18:08:08","guid":{"rendered":"https:\/\/www.europesays.com\/lv\/15221\/"},"modified":"2025-10-07T18:08:08","modified_gmt":"2025-10-07T18:08:08","slug":"no-nakama-gada-par-30-eiro-pieaugs-valsts-izmaksatie-uzturlidzekli-berniem","status":"publish","type":"post","link":"https:\/\/www.europesays.com\/lv\/15221\/","title":{"rendered":"No n\u0101kam\u0101 gada par 30 eiro pieaugs valsts izmaks\u0101tie uzturl\u012bdzek\u013ci b\u0113rniem"},"content":{"rendered":"<p>L\u0113muma m\u0113r\u0137is ir stiprin\u0101t valsts atbalstu \u0123imen\u0113m un b\u0113rnu labkl\u0101j\u012bbai. Izmai\u0146u \u012bsteno\u0161anai papildu finans\u0113jums no valsts bud\u017eeta neb\u016bs nepiecie\u0161ams &#8211; pateicoties veiksm\u012bgai ietur\u0113jumu reformai, izdevies palielin\u0101t regresa k\u0101rt\u012bb\u0101 atg\u016bto l\u012bdzek\u013cu apjomu, t\u0101d\u0113\u013c izmaksas tiks nodro\u0161in\u0101tas no Uzturl\u012bdzek\u013cu garantiju fonda administr\u0101cijas bud\u017eeta.<\/p>\n<p>Saska\u0146\u0101 ar apstiprin\u0101tajiem groz\u012bjumiem par b\u0113rnu l\u012bdz septi\u0146u gadu vecumam uzturl\u012bdzek\u013ci b\u016bs 155 eiro m\u0113nes\u012b, bet par b\u0113rnu no septi\u0146u l\u012bdz 18 gadu vecumam un pilngad\u012bg\u0101m person\u0101m l\u012bdz 21 gada vecumam &#8211; 180 eiro m\u0113nes\u012b. Vec\u0101ki uzturl\u012bdzek\u013cus jaunaj\u0101 apm\u0113r\u0101 sa\u0146ems no 2026.gada febru\u0101ra, jo izmaksas tiek veiktas par iepriek\u0161\u0113jo m\u0113nesi.<\/p>\n<p>Tieslietu ministre Inese L\u012bbi\u0146a-Egnere (JV) uzsver, ka valsts atbalsts b\u0113rniem un \u0123imen\u0113m ir viena no vald\u012bbas priorit\u0101t\u0113m. Palielinot valsts izmaks\u0101tos uzturl\u012bdzek\u013cus, var sniegt dro\u0161\u0101ku finansi\u0101lo pamatu tiem b\u0113rniem, kuru vec\u0101ki savus pien\u0101kumus nepilda.<\/p>\n<p>Valsts garant\u0113tie uzturl\u012bdzek\u013ci ir fiks\u0113ta summa, kas tiek izmaks\u0101ta katru m\u0113nesi gad\u012bjumos, kad k\u0101ds no vec\u0101kiem nepilda pien\u0101kumu par uzturl\u012bdzek\u013cu nodro\u0161in\u0101\u0161anu saviem b\u0113rniem. Uzturl\u012bdzek\u013cus no valsts garant\u0113to l\u012bdzek\u013cu fonda var sa\u0146emt b\u0113rna vec\u0101ks, aizbildnis vai pilngad\u012bgs b\u0113rns l\u012bdz 21 gada vecumam, ja tas turpina ieg\u016bt izgl\u012bt\u012bbu.<\/p>\n<p>Iesp\u0113ja palielin\u0101t izmaks\u0101jamo uzturl\u012bdzek\u013cu apm\u0113ru saist\u012bta ar stabilu Uzturl\u012bdzek\u013cu garantiju fonda darb\u012bbu un pozit\u012bv\u0101m tendenc\u0113m regresa k\u0101rt\u012bb\u0101 atg\u016btajos l\u012bdzek\u013cos. Dati liecina, ka regresa k\u0101rt\u012bb\u0101 atg\u016bti 11,6 miljoni eiro, kas ir par 2,8% vair\u0101k nek\u0101 gadu iepriek\u0161.<\/p>\n","protected":false},"excerpt":{"rendered":"L\u0113muma m\u0113r\u0137is ir stiprin\u0101t valsts atbalstu \u0123imen\u0113m un b\u0113rnu labkl\u0101j\u012bbai. Izmai\u0146u \u012bsteno\u0161anai papildu finans\u0113jums no valsts bud\u017eeta neb\u016bs&hellip;\n","protected":false},"author":2,"featured_media":15222,"comment_status":"","ping_status":"","sticky":false,"template":"","format":"standard","meta":{"footnotes":""},"categories":[5],"tags":[23,28,29,259,32,33,22,30,31,35,39,38,36,37,34,40,20,1908,26,27,24,25,331,21],"class_list":{"0":"post-15221","1":"post","2":"type-post","3":"status-publish","4":"format-standard","5":"has-post-thumbnail","7":"category-aktualitates","8":"tag-aktualitates","9":"tag-breaking-news","10":"tag-breakingnews","11":"tag-budzets","12":"tag-featured-news","13":"tag-featurednews","14":"tag-headlines","15":"tag-latest-news","16":"tag-latestnews","17":"tag-latvia","18":"tag-latvian","19":"tag-latviesu","20":"tag-latviesu-valoda","21":"tag-latviesuvaloda","22":"tag-latvija","23":"tag-lv","24":"tag-news","25":"tag-pabalsti","26":"tag-popularakas-zinas","27":"tag-popularakaszinas","28":"tag-top-stories","29":"tag-topstories","30":"tag-valsts-budzets","31":"tag-zinas"},"share_on_mastodon":{"url":"","error":""},"_links":{"self":[{"href":"https:\/\/www.europesays.com\/lv\/wp-json\/wp\/v2\/posts\/15221","targetHints":{"allow":["GET"]}}],"collection":[{"href":"https:\/\/www.europesays.com\/lv\/wp-json\/wp\/v2\/posts"}],"about":[{"href":"https:\/\/www.europesays.com\/lv\/wp-json\/wp\/v2\/types\/post"}],"author":[{"embeddable":true,"href":"https:\/\/www.europesays.com\/lv\/wp-json\/wp\/v2\/users\/2"}],"replies":[{"embeddable":true,"href":"https:\/\/www.europesays.com\/lv\/wp-json\/wp\/v2\/comments?post=15221"}],"version-history":[{"count":0,"href":"https:\/\/www.europesays.com\/lv\/wp-json\/wp\/v2\/posts\/15221\/revisions"}],"wp:featuredmedia":[{"embeddable":true,"href":"https:\/\/www.europesays.com\/lv\/wp-json\/wp\/v2\/media\/15222"}],"wp:attachment":[{"href":"https:\/\/www.europesays.com\/lv\/wp-json\/wp\/v2\/media?parent=15221"}],"wp:term":[{"taxonomy":"category","embeddable":true,"href":"https:\/\/www.europesays.com\/lv\/wp-json\/wp\/v2\/categories?post=15221"},{"taxonomy":"post_tag","embeddable":true,"href":"https:\/\/www.europesays.com\/lv\/wp-json\/wp\/v2\/tags?post=15221"}],"curies":[{"name":"wp","href":"https:\/\/api.w.org\/{rel}","templated":true}]}}