{"id":152399,"date":"2026-03-13T06:37:09","date_gmt":"2026-03-13T06:37:09","guid":{"rendered":"https:\/\/www.europesays.com\/lv\/152399\/"},"modified":"2026-03-13T06:37:09","modified_gmt":"2026-03-13T06:37:09","slug":"piektdiena-13-kam-baidies-nelaimes-tvnet","status":"publish","type":"post","link":"https:\/\/www.europesays.com\/lv\/152399\/","title":{"rendered":"Piektdiena, 13. Kam baidies nelaimes? &#8211; TVNET"},"content":{"rendered":"<ol>\n<li><a href=\"https:\/\/news.google.com\/rss\/articles\/CBMicEFVX3lxTE11dlZGeFA3NndLanNBcmdDeVNQLWVIUUNLYXRzSDhybC0xSkJTWmhJdUc1OGppTktjS0ktZkNnbVRMNmRwWDNERmIwUndfUDRadlhqekZGS1pkb3ROMUFzWDRsR2hNNmlRMlFfY1liZU8?oc=5\" target=\"_blank\" rel=\"nofollow noopener\">Piektdiena, 13. Kam baidies nelaimes?<\/a>&nbsp;&nbsp;TVNET<\/li>\n<li><a href=\"https:\/\/news.google.com\/rss\/articles\/CBMibkFVX3lxTE1FWTJ0bHJ3czNLSTdHUjl3eDBKbGVtZ2VBX0hNN21zdjJfRTlDdldNTnZVcUgya0xBRUNIZnFuUVk4LTR2RnRUV2V1MUlFWlVsd2haRUhrS1hsNFVIYmppRGxiWmY0aldoUUdKRkt3?oc=5\" target=\"_blank\" rel=\"nofollow noopener\">Horoskops piektdienai &#8211; 13. martam<\/a>&nbsp;&nbsp;Apollo.lv<\/li>\n<li><a href=\"https:\/\/news.google.com\/rss\/articles\/CBMijwFBVV95cUxPZ3NoTG1NdU1GVmJTREdENlBJUnEzYzYyZUVVTEIwLTdPX1dCU2lpSklPV3R2QUlpUV82RkxleFVsVGVrY2U2ZVZNOGVpQU14cFhWVEpRNktxN0dRdGhlMDhrNXY0eDA0eS12VWtleEFfR2NOeWVUa1JRY2o2dGMza3d6UTM4ellXZjhVbEFzSQ?oc=5\" target=\"_blank\" rel=\"nofollow noopener\">Horoskopi 13. martam. \u013bauj sev uz br\u012bdi apst\u0101ties, izv\u0113rt\u0113t priorit\u0101tes<\/a>&nbsp;&nbsp;LA.LV<\/li>\n<li><a href=\"https:\/\/news.google.com\/rss\/articles\/CBMiuAFBVV95cUxNcTFCYnRBcG9HMGFZMkxuQUJhdHpGU2V2YlQ0dmJ5X2RjQ3hJM0hJMXlHZlk2TjBud2hMNFNscGZzSUwzVS0tbDJqOHdSUVZzOC1qUm5nNlZ2eXFUQ1l4NFpSajVTYVVEdGxKbUFXZVlLdFh5Tm1pOTRKSXdwbUtDSVA2LWxUTGZQNUJhZHNSaTItamlRTFZITkgwbWRXakVTWTY3Znc3LVBzY0paVk1VbkNScWZoQ1gx?oc=5\" target=\"_blank\" rel=\"nofollow noopener\">Volodina uzskaita \u010detras horoskopa z\u012bmes, kur\u0101m 13. marts atnes\u012bs \u012bpa\u0161u veiksmi un \u0161armu<\/a>&nbsp;&nbsp;Dzentlmenis.lv<\/li>\n<li><a href=\"https:\/\/news.google.com\/rss\/articles\/CBMickFVX3lxTE41SkVjVXgzd0FOTW1zTVJqaVU3UzJ1d0pSV1JzaTNISHJ6R1hnNmF6dUVrcG9QUjVtQ0dHZlpTRjJXNmVwRWpsZkZNeVFCdkRPd2R3czNLSGxnaUNIbjRsd2pVbnlTbGkxV3dNNTJ1SE1WUQ?oc=5\" target=\"_blank\" rel=\"nofollow noopener\">V\u0113\u017eiem jaunas iesp\u0113jas attiec\u012bb\u0101s, Me\u017e\u0101\u017ei var likt liet\u0101 saldu m\u0113li \u2013 13. marta horoskops<\/a>&nbsp;&nbsp;tv3.lv<\/li>\n<\/ol>\n","protected":false},"excerpt":{"rendered":"Piektdiena, 13. Kam baidies nelaimes?&nbsp;&nbsp;TVNET Horoskops piektdienai &#8211; 13. martam&nbsp;&nbsp;Apollo.lv Horoskopi 13. martam. \u013bauj sev uz br\u012bdi apst\u0101ties,&hellip;\n","protected":false},"author":2,"featured_media":152400,"comment_status":"","ping_status":"","sticky":false,"template":"","format":"standard","meta":{"footnotes":"","_share_on_mastodon":"0"},"categories":[19],"tags":[89,90,35,39,38,36,37,34,40,31592,1311,297,293,6350],"class_list":["post-152399","post","type-post","status-publish","format-standard","has-post-thumbnail","category-izklaide","tag-entertainment","tag-izklaide","tag-latvia","tag-latvian","tag-latviesu","tag-latviesu-valoda","tag-latviesuvaloda","tag-latvija","tag-lv","tag-manticiba","tag-petijumi-un-aptaujas","tag-tvnet-planeta","tag-vesture","tag-vestures-miklas"],"share_on_mastodon":{"url":"https:\/\/pubeurope.com\/@lv\/116220490171941036","error":""},"_links":{"self":[{"href":"https:\/\/www.europesays.com\/lv\/wp-json\/wp\/v2\/posts\/152399","targetHints":{"allow":["GET"]}}],"collection":[{"href":"https:\/\/www.europesays.com\/lv\/wp-json\/wp\/v2\/posts"}],"about":[{"href":"https:\/\/www.europesays.com\/lv\/wp-json\/wp\/v2\/types\/post"}],"author":[{"embeddable":true,"href":"https:\/\/www.europesays.com\/lv\/wp-json\/wp\/v2\/users\/2"}],"replies":[{"embeddable":true,"href":"https:\/\/www.europesays.com\/lv\/wp-json\/wp\/v2\/comments?post=152399"}],"version-history":[{"count":0,"href":"https:\/\/www.europesays.com\/lv\/wp-json\/wp\/v2\/posts\/152399\/revisions"}],"wp:featuredmedia":[{"embeddable":true,"href":"https:\/\/www.europesays.com\/lv\/wp-json\/wp\/v2\/media\/152400"}],"wp:attachment":[{"href":"https:\/\/www.europesays.com\/lv\/wp-json\/wp\/v2\/media?parent=152399"}],"wp:term":[{"taxonomy":"category","embeddable":true,"href":"https:\/\/www.europesays.com\/lv\/wp-json\/wp\/v2\/categories?post=152399"},{"taxonomy":"post_tag","embeddable":true,"href":"https:\/\/www.europesays.com\/lv\/wp-json\/wp\/v2\/tags?post=152399"}],"curies":[{"name":"wp","href":"https:\/\/api.w.org\/{rel}","templated":true}]}}