{"id":15255,"date":"2025-10-07T19:04:21","date_gmt":"2025-10-07T19:04:21","guid":{"rendered":"https:\/\/www.europesays.com\/lv\/15255\/"},"modified":"2025-10-07T19:04:21","modified_gmt":"2025-10-07T19:04:21","slug":"suharevs-pc-pret-tituletiem-ziemelkorejas-un-indonezijas-svarcelajiem-speka-sports-sportacentrs-com","status":"publish","type":"post","link":"https:\/\/www.europesays.com\/lv\/15255\/","title":{"rendered":"Suharevs P\u010c pret titul\u0113tiem Zieme\u013ckorejas un Indon\u0113zijas svarc\u0113l\u0101jiem \u2013 Sp\u0113ka sports \u2013 Sportacentrs.com"},"content":{"rendered":"<p>26 gadus vecais Suharevs 2019. un 2021. gad\u0101 izc\u012bn\u012bja Eiropas bronzu svara kategorij\u0101 l\u012bdz 81 kilogramam, bet p\u0113c tam start\u0113ja svara kategorij\u0101 l\u012bdz 73 kilogramiem, 2023. gad\u0101 k\u013c\u016bstot par Eiropas \u010dempionu un 2024. gad\u0101 ieg\u016bstot v\u0113l vienu bronzu. Par\u012bzes olimpiskaj\u0101s sp\u0113l\u0113s pleca savainojuma d\u0113\u013c vi\u0146\u0161 gan palika bez rezult\u0101ta.<\/p>\n<p>&#8220;Uzreiz p\u0113c olimpiskaj\u0101m sp\u0113l\u0113m vi\u0146\u0161 p\u0101rcieta pleca oper\u0101ciju, p\u0113c kuras atlab\u0161anas process nebija viegls. Vi\u0146am \u0161is plecs joproj\u0101m ir jut\u012bgs. Pirms pasaules \u010dempion\u0101ta vi\u0146\u0161 start\u0113ja divos starptautiskos turn\u012bros. Rezult\u0101ti varb\u016bt nebija tie lab\u0101kie, bet 190 kilogramus vi\u0146\u0161 uzgr\u016bda. Rau\u0161an\u0101 lab\u0101kais r\u0101d\u012bt\u0101js bija 146, &#8221; port\u0101lam Sportacentrs.com pirms pasaules \u010dempion\u0101ta sac\u012bja <a href=\"https:\/\/sportacentrs.com\/speka_sports\/05102025-latviesu_starts_svarcelsanas_pc_traumu_en\" rel=\"nofollow noopener\" target=\"_blank\">izlases treneris<\/a> Eduards Andru\u0161kevi\u010ds.<\/p>\n<p>&#8220;Vi\u0146u nevar daudz tren\u0113t. Ja Ritvars vienu dienu patren\u0113jas, tad divas vai tr\u012bs dienas s\u0101pju d\u0113\u013c n\u0101kas izlaist. Vi\u0146\u0161 bie\u017ei brauc pie Latvijas Olimpisk\u0101s vien\u012bbas (LOV) \u0101rstiem. Ar\u012b psiholo\u0123iski neveiksme olimpiskaj\u0101s sp\u0113l\u0113s vi\u0146u ietekm\u0113ja. Dom\u0101ju, ka tur tika g\u016bta ar\u012b psiholo\u0123iska trauma. Nervi ir mums visiem un Ritvaram olimpisk\u0101s sp\u0113les iesita pa nervu sist\u0113mu,&#8221; treneris turpin\u0101ja.<\/p>\n<p>\u0160ogad atkal n\u0101ksies start\u0113t cit\u0101 svara kategorij\u0101, jo pasaules \u010dempion\u0101t\u0101 notiku\u0161as izmai\u0146as \u2013 iepriek\u0161\u0113jo 73 un 81 kilograma viet\u0101 nu ir 71, 79 un 88 kilogramu kategorijas. Starp A grupas dal\u012bbniekiem ir ar\u012b 22 gadus vecais indon\u0113zietis Rizki D\u017eunjansja, kur\u0161 svara kategorij\u0101 l\u012bdz 73 kilogramiem k\u013cuva par Par\u012bzes olimpisko \u010dempionu un ieguva 2022. un 2024. gada pasaules sudrabus. T\u0101pat ir ar\u012b zieme\u013ckorejietis \u010consons Ri, kur\u0161 pirms gada k\u013cuva par pasaules \u010dempionu l\u012bdz 81 kilogramam, k\u0101 ar\u012b It\u0101lijas svarc\u0113l\u0101js Oskars Rejess \u2013 2023. gada pasaules \u010dempions un tr\u012bsk\u0101rt\u0113js Eiropas \u010dempions l\u012bdz 81 kilogramam.<\/p>\n<p>Pag\u0101ju\u0161aj\u0101 gad\u0101 pasaules \u010dempion\u0101ts notika Bahrein\u0101, n\u0101kamgad to r\u012bkos \u0136\u012bna, bet Eirop\u0101 pasaules \u010dempion\u0101ts iepriek\u0161\u0113joreiz bija pirms 12 gadiem Polij\u0101. Suhareva svara kategorij\u0101 D, C, B un A grup\u0101s kopum\u0101 pieteikti 39 svarc\u0113l\u0101ji.<\/p>\n<p>Latvijas svarc\u0113l\u0101ju starti<\/p>\n<tr>SportistsKategorijaGrupaDatumsLaiks<\/tr>\n<tr class=\"even\">\n<td>Ritvars Suharevs<\/td>\n<td>79 kg<\/td>\n<td>A<\/td>\n<td class=\"ralign\">06.10<\/td>\n<td class=\"ralign\">20.30<\/td>\n<\/tr>\n<tr class=\"odd\">\n<td>Art\u016brs Vasi\u013conoks<\/td>\n<td>88 kg<\/td>\n<td>B<\/td>\n<td class=\"ralign\">07.10<\/td>\n<td class=\"ralign\">13.00<\/td>\n<\/tr>\n<tr class=\"even\">\n<td>Art\u016brs Pl\u0113snieks<\/td>\n<td>110 kg<\/td>\n<td>B<\/td>\n<td class=\"ralign\">10.10<\/td>\n<td class=\"ralign\">15.30<\/td>\n<\/tr>\n<p>Latvijas svarc\u0113l\u0101ju pirmie pieteiktie svari<\/p>\n<tr>SportistsRau\u0161anaGr\u016b\u0161ana<\/tr>\n<tr class=\"even\">\n<td>Ritvars Suharevs<\/td>\n<td class=\"ralign\">145<\/td>\n<td class=\"ralign\">185<\/td>\n<\/tr>\n<tr class=\"odd\">\n<td>Art\u016brs Vasi\u013conoks<\/td>\n<td class=\"ralign\">150<\/td>\n<td class=\"ralign\">185<\/td>\n<\/tr>\n<tr class=\"even\">\n<td>Art\u016brs Pl\u0113snieks<\/td>\n<td class=\"ralign\">165<\/td>\n<td class=\"ralign\">205<\/td>\n<\/tr>\n<p>Izmantotie resursi:<br \/><a target=\"_blank\" href=\"https:\/\/www.forde2025.no\/wp-content\/uploads\/2025\/10\/2025-IWF-WCH_START-BOOK-v1.1.pdf\" rel=\"nofollow noopener\">https:\/\/www.forde2025.no\/wp-content&#8230;<\/a><\/p>\n","protected":false},"excerpt":{"rendered":"26 gadus vecais Suharevs 2019. un 2021. gad\u0101 izc\u012bn\u012bja Eiropas bronzu svara kategorij\u0101 l\u012bdz 81 kilogramam, bet p\u0113c&hellip;\n","protected":false},"author":2,"featured_media":15256,"comment_status":"","ping_status":"","sticky":false,"template":"","format":"standard","meta":{"footnotes":""},"categories":[17],"tags":[35,39,38,36,37,34,40,5118,67],"class_list":{"0":"post-15255","1":"post","2":"type-post","3":"status-publish","4":"format-standard","5":"has-post-thumbnail","7":"category-sports","8":"tag-latvia","9":"tag-latvian","10":"tag-latviesu","11":"tag-latviesu-valoda","12":"tag-latviesuvaloda","13":"tag-latvija","14":"tag-lv","15":"tag-speka-sports","16":"tag-sports"},"share_on_mastodon":{"url":"","error":""},"_links":{"self":[{"href":"https:\/\/www.europesays.com\/lv\/wp-json\/wp\/v2\/posts\/15255","targetHints":{"allow":["GET"]}}],"collection":[{"href":"https:\/\/www.europesays.com\/lv\/wp-json\/wp\/v2\/posts"}],"about":[{"href":"https:\/\/www.europesays.com\/lv\/wp-json\/wp\/v2\/types\/post"}],"author":[{"embeddable":true,"href":"https:\/\/www.europesays.com\/lv\/wp-json\/wp\/v2\/users\/2"}],"replies":[{"embeddable":true,"href":"https:\/\/www.europesays.com\/lv\/wp-json\/wp\/v2\/comments?post=15255"}],"version-history":[{"count":0,"href":"https:\/\/www.europesays.com\/lv\/wp-json\/wp\/v2\/posts\/15255\/revisions"}],"wp:featuredmedia":[{"embeddable":true,"href":"https:\/\/www.europesays.com\/lv\/wp-json\/wp\/v2\/media\/15256"}],"wp:attachment":[{"href":"https:\/\/www.europesays.com\/lv\/wp-json\/wp\/v2\/media?parent=15255"}],"wp:term":[{"taxonomy":"category","embeddable":true,"href":"https:\/\/www.europesays.com\/lv\/wp-json\/wp\/v2\/categories?post=15255"},{"taxonomy":"post_tag","embeddable":true,"href":"https:\/\/www.europesays.com\/lv\/wp-json\/wp\/v2\/tags?post=15255"}],"curies":[{"name":"wp","href":"https:\/\/api.w.org\/{rel}","templated":true}]}}