{"id":15289,"date":"2025-10-07T20:21:13","date_gmt":"2025-10-07T20:21:13","guid":{"rendered":"https:\/\/www.europesays.com\/lv\/15289\/"},"modified":"2025-10-07T20:21:13","modified_gmt":"2025-10-07T20:21:13","slug":"legendarais-aktieris-kaspars-znotins-svin-50-jubileju-un-pedejo-reizi-spele-ziedoni-lente-lv","status":"publish","type":"post","link":"https:\/\/www.europesays.com\/lv\/15289\/","title":{"rendered":"Le\u0123end\u0101rais aktieris Kaspars Znoti\u0146\u0161 svin 50. jubileju un p\u0113d\u0113jo reizi sp\u0113l\u0113 Ziedoni\u00a0\u2014\u00a0Lente.lv"},"content":{"rendered":"<p>Le\u0123end\u0101rais aktieris Kaspars Znoti\u0146\u0161 svin 50. jubileju un atvad\u0101s no Ziedo\u0146a<\/p>\n<p>\u0160odien, 7. oktobr\u012b, latvie\u0161u te\u0101tra un kino izcilais m\u0101kslinieks Kaspars Znoti\u0146\u0161 atz\u012bm\u0113 savu 50. dzim\u0161anas dienu. Jubilejas gadadienu iez\u012bm\u0113 ne tikai noz\u012bm\u012bgs personisks notikums, bet ar\u012b \u012bpa\u0161s mirklis vi\u0146a profesion\u0101laj\u0101 karjer\u0101 \u2013 p\u0113d\u0113jo reizi uz skatuves k\u0101pjot Imanta Ziedo\u0146a t\u0113l\u0101 Jaun\u0101 R\u012bgas te\u0101tra (JRT) iestud\u0113jum\u0101 &#8220;Ziedonis un Visums&#8221;. \u0160\u012b izr\u0101de, kas k\u013cuvusi par vienu no te\u0101tra repertu\u0101ra ilgdz\u012bvot\u0101j\u0101m un skat\u012bt\u0101ju iem\u012b\u013cot\u0101kaj\u0101m, \u0161ovakar piedz\u012bvos savu 165. un nosl\u0113dzo\u0161o izr\u0101di, kur\u0101 Znoti\u0146\u0161 atveidos galveno \u2013 Ziedo\u0146a \u2013 lomu.<\/p>\n<p>Ziedo\u0146a t\u0113la atdzim\u0161ana uz skatuves<\/p>\n<p>Loma Imanta Ziedo\u0146a interpret\u0101cij\u0101 k\u0101 &#8220;vid\u0113jais latvietis&#8221; Ziemeli Znoti\u0146am k\u013cuvusi par vienu no atpaz\u012bstam\u0101kaj\u0101m un m\u012bl\u0113t\u0101kaj\u0101m karjer\u0101. T\u0101 ir loma, kas ne tikai atnesusi aktierim augstus nov\u0113rt\u0113jumus, tostarp &#8220;Sp\u0113lma\u0146u nakts&#8221; balvu k\u0101 Gada aktierim 2010. gad\u0101, bet ar\u012b dzi\u013ci rezon\u0113 ar skat\u012bt\u0101ju sird\u012bm. Pats Znoti\u0146\u0161 ir atzinis, ka darbs pie \u0161\u012bs izr\u0101des lika vi\u0146am padom\u0101t par Ziedo\u0146a daudzpus\u012bgo person\u012bbu un vi\u0146a sp\u0113ju run\u0101t par sare\u017e\u0123\u012bt\u0101m t\u0113m\u0101m vienk\u0101r\u0161\u0101 un paties\u0101 veid\u0101. Izr\u0101de &#8220;Ziedonis un Visums&#8221;, ko veidojis re\u017eisors Alvis Hermanis, balst\u0101s uz Imanta Ziedo\u0146a tekstiem, intervij\u0101m, dzeju, k\u0101 ar\u012b citu autoru darbiem, radot unik\u0101lu un po\u0113tisku pasauli.<\/p>\n<p>Aktiera karjeras spo\u017eums un pagodin\u0101jumi<\/p>\n<p>Kaspara Znoti\u0146a aktiera ce\u013c\u0161 ir bag\u0101ts un daudzpus\u012bgs. Kop\u0161 1997. gada vi\u0146\u0161 ir Jaun\u0101 R\u012bgas te\u0101tra trupas neat\u0146emama sast\u0101vda\u013ca, atveidojot daudzveid\u012bgas un spilgtas raksturlomas gan uz te\u0101tra skatuves, gan kino un telev\u012bzij\u0101. Vi\u0146a talants ir nov\u0113rt\u0113ts ne tikai ar &#8220;Sp\u0113lma\u0146u nakts&#8221; balv\u0101m par Ziedo\u0146a lomu (2010) un Dmitrija Mi\u0161kina lomu izr\u0101d\u0113 &#8220;Melnais gulbis&#8221; (2024), bet ar\u012b ar Harija Liepi\u0146a balvu par izcilu aktierdarbu te\u0101tr\u012b 2011. gad\u0101. Aktieris ir paz\u012bstams ar\u012b ar sav\u0101m lom\u0101m film\u0101s, piem\u0113ram, &#8220;Ser\u017eanta Lapi\u0146a atgrie\u0161an\u0101s&#8221; un &#8220;Homo Novus&#8221;, apliecinot savu univers\u0101lumu.<\/p>\n<p>50 gadi \u2013 jauni izaicin\u0101jumi un dzi\u013c\u0101ka izpratne<\/p>\n<p>\u0160\u012b jubileja ir ne tikai br\u012bdis, lai atskat\u012btos uz paveikto, bet ar\u012b lai raudz\u012btos n\u0101kotn\u0113. Lai gan Znoti\u0146\u0161 atz\u012bst, ka savu karjeru nevar iedom\u0101ties bez aktiera profesijas, vi\u0146\u0161 vienm\u0113r ir bijis ar\u012b kaisl\u012bgs te\u0101tra baud\u012bt\u0101js. Vi\u0146a person\u012bg\u0101 dz\u012bve, kur\u0101 vi\u0146\u0161 ir \u010detrk\u0101rt\u0113js t\u0113vs, pie\u0161\u0137ir papildu dzi\u013cumu un pieredzi, ko vi\u0146\u0161 sp\u0113j ienest sav\u0101s lom\u0101s. Lai gan aktieris sevi d\u0113v\u0113 par savrupnieku un v\u0113rot\u0101ju, vi\u0146a sp\u0113ja iejusties da\u017e\u0101dos t\u0113los un uzrun\u0101t publiku liecina par dzi\u013cu emocion\u0101lo inteli\u0123enci un m\u0101ksliniecisku briedumu. Sasniedzot 50 gadu slieksni, Kaspars Znoti\u0146\u0161 turpina iedvesmot gan kol\u0113\u0123us, gan skat\u012bt\u0101jus ar savu talantu, profesionalit\u0101ti un aizraut\u012bbu, apliecinot, ka rado\u0161ais spars ir sp\u0113k\u0101.<\/p>\n","protected":false},"excerpt":{"rendered":"Le\u0123end\u0101rais aktieris Kaspars Znoti\u0146\u0161 svin 50. jubileju un atvad\u0101s no Ziedo\u0146a \u0160odien, 7. oktobr\u012b, latvie\u0161u te\u0101tra un kino&hellip;\n","protected":false},"author":2,"featured_media":15290,"comment_status":"","ping_status":"","sticky":false,"template":"","format":"standard","meta":{"footnotes":""},"categories":[19],"tags":[1267,89,90,5272,2916,5271,35,39,38,36,37,34,40,5273],"class_list":{"0":"post-15289","1":"post","2":"type-post","3":"status-publish","4":"format-standard","5":"has-post-thumbnail","7":"category-izklaide","8":"tag-aktieris","9":"tag-entertainment","10":"tag-izklaide","11":"tag-jaunais-rigas-teatris","12":"tag-jubileja","13":"tag-kaspars-znotins","14":"tag-latvia","15":"tag-latvian","16":"tag-latviesu","17":"tag-latviesu-valoda","18":"tag-latviesuvaloda","19":"tag-latvija","20":"tag-lv","21":"tag-ziedonis-un-visums"},"share_on_mastodon":{"url":"","error":""},"_links":{"self":[{"href":"https:\/\/www.europesays.com\/lv\/wp-json\/wp\/v2\/posts\/15289","targetHints":{"allow":["GET"]}}],"collection":[{"href":"https:\/\/www.europesays.com\/lv\/wp-json\/wp\/v2\/posts"}],"about":[{"href":"https:\/\/www.europesays.com\/lv\/wp-json\/wp\/v2\/types\/post"}],"author":[{"embeddable":true,"href":"https:\/\/www.europesays.com\/lv\/wp-json\/wp\/v2\/users\/2"}],"replies":[{"embeddable":true,"href":"https:\/\/www.europesays.com\/lv\/wp-json\/wp\/v2\/comments?post=15289"}],"version-history":[{"count":0,"href":"https:\/\/www.europesays.com\/lv\/wp-json\/wp\/v2\/posts\/15289\/revisions"}],"wp:featuredmedia":[{"embeddable":true,"href":"https:\/\/www.europesays.com\/lv\/wp-json\/wp\/v2\/media\/15290"}],"wp:attachment":[{"href":"https:\/\/www.europesays.com\/lv\/wp-json\/wp\/v2\/media?parent=15289"}],"wp:term":[{"taxonomy":"category","embeddable":true,"href":"https:\/\/www.europesays.com\/lv\/wp-json\/wp\/v2\/categories?post=15289"},{"taxonomy":"post_tag","embeddable":true,"href":"https:\/\/www.europesays.com\/lv\/wp-json\/wp\/v2\/tags?post=15289"}],"curies":[{"name":"wp","href":"https:\/\/api.w.org\/{rel}","templated":true}]}}