{"id":15295,"date":"2025-10-07T20:27:12","date_gmt":"2025-10-07T20:27:12","guid":{"rendered":"https:\/\/www.europesays.com\/lv\/15295\/"},"modified":"2025-10-07T20:27:12","modified_gmt":"2025-10-07T20:27:12","slug":"andris-erglis-atklaj-jaunas-muzikalas-krasas-ar-sirsnigo-dziesmu-solijums-pirms-gaidama-albuma-stasts-lente-lv","status":"publish","type":"post","link":"https:\/\/www.europesays.com\/lv\/15295\/","title":{"rendered":"Andris \u0112rglis atkl\u0101j jaunas muzik\u0101l\u0101s kr\u0101sas ar sirsn\u012bgo dziesmu &#8220;Sol\u012bjums&#8221; pirms gaid\u0101m\u0101 albuma &#8220;St\u0101sts&#8221;\u00a0\u2014\u00a0Lente.lv"},"content":{"rendered":"<p>Dzirdiet jauno Andra \u0112rg\u013ca dziesmu &#8220;Sol\u012bjums&#8221; \u2013 emocion\u0101ls priek\u0161v\u0113stnesis gaid\u0101majam albumam &#8220;St\u0101sts&#8221;<\/p>\n<p>M\u016bzi\u0137is Andris \u0112rglis turpina iepaz\u012bstin\u0101t klaus\u012bt\u0101jus ar savu dr\u012bzum\u0101 gaid\u0101mo studijas albumu &#8220;St\u0101sts&#8221;, atkl\u0101jot jaunas muzik\u0101l\u0101s kr\u0101sas ar sirsn\u012bgo un dzi\u013ci personisko dziesmu &#8220;Sol\u012bjums&#8221;. \u0160is ir jau k\u0101rt\u0113jais singls, kas nor\u0101da uz albuma izn\u0101k\u0161anu oktobra beig\u0101s un kalpos k\u0101 emocion\u0101ls tilts uz gaid\u0101majiem prezent\u0101cijas koncertiem.<\/p>\n<p>Dziesmas &#8220;Sol\u012bjums&#8221; b\u016bt\u012bba un v\u0113st\u012bjums<\/p>\n<p>&#8220;Sol\u012bjums&#8221; ir ne tikai ska\u0146darbs, bet ar\u012b liriskas p\u0101rdomas par dz\u012bves nep\u0101rtraukto pl\u016bdumu un t\u0101m v\u0113rt\u012bb\u0101m, kas k\u013c\u016bst \u012bpa\u0161i noz\u012bm\u012bgas, laikam ritot. T\u0101 ir k\u0101 muzik\u0101la ce\u013cojumu atmi\u0146\u0101s, kas savijas kop\u0101 ar pieaugu\u0161\u0101 atzi\u0146\u0101m \u2013 dz\u012bves steig\u0101 un nenorimsto\u0161aj\u0101 skr\u0113jien\u0101 vissvar\u012bg\u0101k\u0101 paliek m\u012blest\u012bba. \u0160\u012b dziesma aicina apst\u0101ties un pie\u0161\u0137irt v\u0113rt\u012bbu mirklim, jo tie\u0161i no \u0161iem mirk\u013ciem veidojas visa m\u016bsu eksistence. Galvenais v\u0113st\u012bjums kodol\u012bgi atspogu\u013cots piedzied\u0101jum\u0101: &#8220;Tev pieder tikai \u0161is br\u012bdis, pat nepaman\u012bsi k\u0101 main\u012bjies gads.&#8221;. \u0160ie v\u0101rdi ir k\u0101 aicin\u0101jums nov\u0113rt\u0113t tagadni, kas ir vien\u012bg\u0101 paties\u0101 realit\u0101te m\u016b\u017e\u012bgaj\u0101 laika pl\u016bdum\u0101.<\/p>\n<p>Atsl\u0113ga uz rado\u0161umu: Melodija un v\u0101rdi<\/p>\n<p>Dziesmas ideja aizs\u0101k\u0101s no pa\u0161as Andra \u0112rg\u013ca rad\u012bt\u0101s melodijas, kuru v\u0101rdos iet\u0113rpa talant\u012bgais m\u016bzi\u0137is un tekstu autors M\u0101rti\u0146\u0161 Kanters. Kanters rad\u012bjis tekstu\u0101las p\u0101rdomas par dz\u012bvi, kas uzrun\u0101 \u013coti personiski un atkl\u0101j aizmirstos b\u0113rn\u012bbas sol\u012bjumus \u2013 m\u012bl\u0113t, priec\u0101ties un dz\u012bvot patiesi. Pats Andris par dziesmas tap\u0161anu st\u0101sta: &#8220;Kad rad\u012bju melodiju \u0161ai dziesmai, man\u012b k\u0101du laiku jau dz\u012bvoja domas par dz\u012bvi, t\u0101s strauju rit\u0113jumu &#8211; dz\u012bve ir glu\u017ei k\u0101 strauts, kur\u0161 nekad nebeidzas un ir kust\u012bb\u0101.&#8221;. \u0160\u012b metafora par nebeidzamo dz\u012bves strautu lieliski ilustr\u0113 cilv\u0113ka nemit\u012bgo virz\u012bbu uz priek\u0161u, vienlaikus aicinot apzin\u0101ties mirk\u013ca noz\u012bm\u012bgumu.<\/p>\n<p>Profesion\u0101\u013cu ieguld\u012bjums un muzik\u0101lais stils<\/p>\n<p>Muzik\u0101li dziesma &#8220;Sol\u012bjums&#8221; ir ietur\u0113ta liriskas popm\u016bzikas stil\u0101. T\u0101s p\u0101rdomas veicino\u0161o noska\u0146u studij\u0101 pal\u012bdz\u0113jis rad\u012bt producents J\u0101nis \u010cubars, bet dziesmas miksu un m\u0101steru veidojis J\u0101nis Kalve. \u0160\u012b rado\u0161\u0101 komanda ir nodro\u0161in\u0101jusi, ka dziesma ir ne tikai emocion\u0101li pies\u0101tin\u0101ta, bet ar\u012b tehniski izcila. Dziesma &#8220;Sol\u012bjums&#8221; ir rad\u012bta, lai organiski ieder\u0113tos klaus\u012bt\u0101ju atska\u0146o\u0161anas sarakstos, sniedzot mierin\u0101jumu un iedvesmu tiem, kuri m\u012bl aizdom\u0101ties par dz\u012bves g\u0101jumu un t\u0101s dzi\u013c\u0101ko j\u0113gu.<\/p>\n<p>Albuma &#8220;St\u0101sts&#8221; gaid\u012b\u0161ana un turpm\u0101kie pl\u0101ni<\/p>\n<p>Dziesma &#8220;Sol\u012bjums&#8221; ir k\u0101 apliecin\u0101jums Andra \u0112rg\u013ca rado\u0161ajai att\u012bst\u012bbai un sp\u0113jai rad\u012bt m\u016bziku, kas uzrun\u0101 klaus\u012bt\u0101ju sirdis. Albuma &#8220;St\u0101sts&#8221; izn\u0101k\u0161ana ir paredz\u0113ta oktobra beig\u0101s, un tas sol\u0101s b\u016bt emocion\u0101ls un dzi\u013c\u0161 ce\u013cojums klaus\u012bt\u0101ja dv\u0113sel\u0113, apvienojot Andra kompon\u0113t\u0101s dziesmas ar talant\u012bgu autoru v\u0101rdiem. Papildus albuma izn\u0101k\u0161anai tiek pl\u0101noti ar\u012b \u012bpa\u0161i prezent\u0101cijas koncerti, kas kalpos k\u0101 emocion\u0101ls ievads un iesp\u0113ja kl\u0101tien\u0113 izbaud\u012bt gan jaun\u0101s dziesmas, gan citas m\u0101kslinieka iem\u012b\u013cot\u0101s kompoz\u012bcijas. Prec\u012bz\u0101ka inform\u0101cija par albuma izn\u0101k\u0161anas datumu un koncertu norises viet\u0101m tiks izzi\u0146ota tuv\u0101kaj\u0101 laik\u0101. \u0160\u012b jaun\u0101 dziesma ir k\u0101 gaid\u012bts muzik\u0101ls notikums, kas sola sniegt klaus\u012bt\u0101jiem gan mierin\u0101jumu, gan iedvesmu.<\/p>\n","protected":false},"excerpt":{"rendered":"Dzirdiet jauno Andra \u0112rg\u013ca dziesmu &#8220;Sol\u012bjums&#8221; \u2013 emocion\u0101ls priek\u0161v\u0113stnesis gaid\u0101majam albumam &#8220;St\u0101sts&#8221; M\u016bzi\u0137is Andris \u0112rglis turpina iepaz\u012bstin\u0101t klaus\u012bt\u0101jus&hellip;\n","protected":false},"author":2,"featured_media":15296,"comment_status":"","ping_status":"","sticky":false,"template":"","format":"standard","meta":{"footnotes":""},"categories":[19],"tags":[1013,89,90,2043,35,39,38,194,36,37,34,40,2041,2042],"class_list":{"0":"post-15295","1":"post","2":"type-post","3":"status-publish","4":"format-standard","5":"has-post-thumbnail","7":"category-izklaide","8":"tag-andris-erglis","9":"tag-entertainment","10":"tag-izklaide","11":"tag-jauna-dziesma","12":"tag-latvia","13":"tag-latvian","14":"tag-latviesu","15":"tag-latviesu-muzika","16":"tag-latviesu-valoda","17":"tag-latviesuvaloda","18":"tag-latvija","19":"tag-lv","20":"tag-solijums","21":"tag-stasts"},"share_on_mastodon":{"url":"","error":""},"_links":{"self":[{"href":"https:\/\/www.europesays.com\/lv\/wp-json\/wp\/v2\/posts\/15295","targetHints":{"allow":["GET"]}}],"collection":[{"href":"https:\/\/www.europesays.com\/lv\/wp-json\/wp\/v2\/posts"}],"about":[{"href":"https:\/\/www.europesays.com\/lv\/wp-json\/wp\/v2\/types\/post"}],"author":[{"embeddable":true,"href":"https:\/\/www.europesays.com\/lv\/wp-json\/wp\/v2\/users\/2"}],"replies":[{"embeddable":true,"href":"https:\/\/www.europesays.com\/lv\/wp-json\/wp\/v2\/comments?post=15295"}],"version-history":[{"count":0,"href":"https:\/\/www.europesays.com\/lv\/wp-json\/wp\/v2\/posts\/15295\/revisions"}],"wp:featuredmedia":[{"embeddable":true,"href":"https:\/\/www.europesays.com\/lv\/wp-json\/wp\/v2\/media\/15296"}],"wp:attachment":[{"href":"https:\/\/www.europesays.com\/lv\/wp-json\/wp\/v2\/media?parent=15295"}],"wp:term":[{"taxonomy":"category","embeddable":true,"href":"https:\/\/www.europesays.com\/lv\/wp-json\/wp\/v2\/categories?post=15295"},{"taxonomy":"post_tag","embeddable":true,"href":"https:\/\/www.europesays.com\/lv\/wp-json\/wp\/v2\/tags?post=15295"}],"curies":[{"name":"wp","href":"https:\/\/api.w.org\/{rel}","templated":true}]}}