{"id":15299,"date":"2025-10-07T20:33:12","date_gmt":"2025-10-07T20:33:12","guid":{"rendered":"https:\/\/www.europesays.com\/lv\/15299\/"},"modified":"2025-10-07T20:33:12","modified_gmt":"2025-10-07T20:33:12","slug":"skrejejs-2017-nonaks-uz-ekraniem-ar-jaunu-sensacionalu-finalu-lente-lv","status":"publish","type":"post","link":"https:\/\/www.europesays.com\/lv\/15299\/","title":{"rendered":"&#8220;Skr\u0113j\u0113js 2017&#8221; non\u0101ks uz ekr\u0101niem ar jaunu, sensacion\u0101lu fin\u0101lu\u00a0\u2014\u00a0Lente.lv"},"content":{"rendered":"<p>Kult\u016bras zvaigznes apstiprina: &#8220;Skr\u0113j\u0113js 2017&#8221; ieg\u016bs jaunu fin\u0101lu<\/p>\n<p>Tas ir ofici\u0101li: gaid\u0101mais antiutopiskais trilleris &#8220;Skr\u0113j\u0113js 2017&#8221; ar Glenu P\u0101velu galvenaj\u0101 lom\u0101, kas kinote\u0101tros non\u0101ks jau p\u0113c m\u0113ne\u0161a, pied\u0101v\u0101s skat\u012bt\u0101jiem negaid\u012btu pav\u0113rsienu \u2013 jaunu filmas fin\u0101lu, ko person\u012bgi apstiprin\u0101jis pats \u0161ausmu karalis St\u012bvens Kings.<\/p>\n<p>At\u0161\u0137ir\u012bga interpret\u0101cija slavenam darbam<\/p>\n<p>\u0160\u012b ir jau otr\u0101 reize, kad St\u012bvena Kinga 1982. gad\u0101 sarakst\u012btais rom\u0101ns tiek ekraniz\u0113ts. Pirms tam to veiksm\u012bgi uz Liel\u0101 ekr\u0101na p\u0101rc\u0113la Arnolds \u0160varceneggers. Jaunaj\u0101 versij\u0101 m\u0113s sekojam l\u012bdzi Bena Ri\u010dardsa, parasta str\u0101dnieku \u0161\u0137iras p\u0101rst\u0101vja, liktenim. Vi\u0146\u0161 pie\u0146em l\u0113mumu piedal\u012bties b\u012bstam\u0101 telev\u012bzijas \u0161ov\u0101, lai cer\u0113tu laim\u0113t miljonu dol\u0101ru un gl\u0101btu savu slimo b\u0113rnu. Ori\u0123in\u0101laj\u0101 st\u0101st\u0101 Bena dusmas uz\u0146emtos apm\u0113rus p\u0113c tam, kad vi\u0146\u0161 uzzina par sievas un meitas n\u0101vi. \u0160\u0101d\u0101 situ\u0101cij\u0101 vi\u0146\u0161 nolauj lidma\u0161\u012bnu un nog\u0101d\u0101 to tie\u0161i uz &#8220;Games Network&#8221; galven\u0101s m\u012btnes, organiz\u0101cijas, kas ir atbild\u012bga par \u0161iem brut\u0101lajiem izklaides pas\u0101kumiem.<\/p>\n<p>Jaunais st\u0101sta pav\u0113rsiens<\/p>\n<p>Ta\u010du jaunaj\u0101 filmas versij\u0101 \u0161\u0101ds dr\u016bmais nobeigums netiks izmantots. Filmas re\u017eisors Edgars Raits un scen\u0101rists Maikls Bekols \u0161o ideju apzin\u0101ti atst\u0101ja nov\u0101rt\u0101 jau pa\u0161\u0101 darba ieceres s\u0101kum\u0101. Protams, jaun\u0101 fin\u0101la deta\u013cas tiek tur\u0113tas stingr\u0101 nosl\u0113pum\u0101. Lai gan daudzi rakstnieki un vi\u0146u fani nereti s\u0101p\u012bgi uztver izmai\u0146as savu iecien\u012bto darbu ekraniz\u0101cij\u0101s, \u0161oreiz Raits atkl\u0101j, ka St\u012bvens Kings pats person\u012bgi ir devis za\u013co gaismu jaunajam fin\u0101lam.<\/p>\n<blockquote>\n<p>\u201eIesp\u0113jams, nervoz\u0101kais br\u012bdis visas filmas tap\u0161anas proces\u0101 bija tad, kad man vajadz\u0113ja nos\u016bt\u012bt scen\u0101riju St\u012bvenam Kingam un nospiedu \u00abs\u016bt\u012bt\u00bb pogu. Vi\u0146\u0161 saprata v\u0113l pirms izlas\u012b\u0161anas, ka m\u0113s neatk\u0101rtosim gr\u0101matas beigas. Sav\u0101 atbildes v\u0113stul\u0113 vi\u0146\u0161 rakst\u012bja: \u201eMan bija \u013coti interesanti v\u0113rot, k\u0101 j\u016bs tiksiet gal\u0101 ar nobeigumu. Un es dom\u0101ju, ka jums tas lieliski izdev\u0101s.\u201d Es biju \u013coti priec\u012bgs,\u201d st\u0101sta Raits intervij\u0101 izdevumam Film Stories.<\/p>\n<\/blockquote>\n<p>Sol\u012bjumi par tuv\u012bbu ori\u0123in\u0101lam<\/p>\n<p>P\u0101r\u0113j\u0101 zi\u0146\u0101 filmas veidot\u0101ji sola, ka jaun\u0101 versija b\u016bs daudz tuv\u0101ka Kinga ori\u0123in\u0101lajai st\u0101sta l\u012bnijai. Piem\u0113ram, \u0161ova vad\u012bt\u0101js Bobijs Tompsons un sacens\u012bbu producents Dens Kilians b\u016bs atsevi\u0161\u0137as person\u012bbas, nevis viens t\u0113ls, un Bena vaj\u0101\u0161ana notiks vis\u0101 ASV teritorij\u0101, nevis tikai vien\u0101 noteikt\u0101 re\u0123ion\u0101. Interesants fakts ir ar\u012b tas, ka filmai ar P\u0101velu galvenaj\u0101 lom\u0101 ir zin\u0101ma \u201e\u0161ausm\u012bga\u201d laika saikne ar ori\u0123in\u0101ldarbu, kura darb\u012bba notika tie\u0161i 2025. gad\u0101. Papildus P\u0101velam, film\u0101 piedal\u012bsies ar\u012b D\u017eo\u0161s Brolins (Dens Kilians), Kolmens Domingo (Bobijs Tompsons), L\u012b Peiss (mednieks Evans Makeons), Maikls S\u0113ra (dumpinieks Bredlijs, kur\u0161 pal\u012bdz Benam) un Ketija O&#8217;Braiena (sacens\u012bbu dal\u012bbniece).<\/p>\n<p>Tiekamies kinote\u0101tros!<\/p>\n<p>Filmas &#8220;Skr\u0113j\u0113js 2017&#8221; pirmizr\u0101de ir pl\u0101nota jau 2025. gada 14. novembr\u012b.<\/p>\n","protected":false},"excerpt":{"rendered":"Kult\u016bras zvaigznes apstiprina: &#8220;Skr\u0113j\u0113js 2017&#8221; ieg\u016bs jaunu fin\u0101lu Tas ir ofici\u0101li: gaid\u0101mais antiutopiskais trilleris &#8220;Skr\u0113j\u0113js 2017&#8221; ar Glenu&hellip;\n","protected":false},"author":2,"featured_media":15300,"comment_status":"","ping_status":"","sticky":false,"template":"","format":"standard","meta":{"footnotes":""},"categories":[19],"tags":[5278,5276,89,5277,90,35,39,38,36,37,34,40,5274,5275],"class_list":{"0":"post-15299","1":"post","2":"type-post","3":"status-publish","4":"format-standard","5":"has-post-thumbnail","7":"category-izklaide","8":"tag-alternativs-finals","9":"tag-edgars-raits","10":"tag-entertainment","11":"tag-glebs-pavels","12":"tag-izklaide","13":"tag-latvia","14":"tag-latvian","15":"tag-latviesu","16":"tag-latviesu-valoda","17":"tag-latviesuvaloda","18":"tag-latvija","19":"tag-lv","20":"tag-skrejejs-2017","21":"tag-stivens-kings"},"share_on_mastodon":{"url":"","error":""},"_links":{"self":[{"href":"https:\/\/www.europesays.com\/lv\/wp-json\/wp\/v2\/posts\/15299","targetHints":{"allow":["GET"]}}],"collection":[{"href":"https:\/\/www.europesays.com\/lv\/wp-json\/wp\/v2\/posts"}],"about":[{"href":"https:\/\/www.europesays.com\/lv\/wp-json\/wp\/v2\/types\/post"}],"author":[{"embeddable":true,"href":"https:\/\/www.europesays.com\/lv\/wp-json\/wp\/v2\/users\/2"}],"replies":[{"embeddable":true,"href":"https:\/\/www.europesays.com\/lv\/wp-json\/wp\/v2\/comments?post=15299"}],"version-history":[{"count":0,"href":"https:\/\/www.europesays.com\/lv\/wp-json\/wp\/v2\/posts\/15299\/revisions"}],"wp:featuredmedia":[{"embeddable":true,"href":"https:\/\/www.europesays.com\/lv\/wp-json\/wp\/v2\/media\/15300"}],"wp:attachment":[{"href":"https:\/\/www.europesays.com\/lv\/wp-json\/wp\/v2\/media?parent=15299"}],"wp:term":[{"taxonomy":"category","embeddable":true,"href":"https:\/\/www.europesays.com\/lv\/wp-json\/wp\/v2\/categories?post=15299"},{"taxonomy":"post_tag","embeddable":true,"href":"https:\/\/www.europesays.com\/lv\/wp-json\/wp\/v2\/tags?post=15299"}],"curies":[{"name":"wp","href":"https:\/\/api.w.org\/{rel}","templated":true}]}}