{"id":1530,"date":"2025-09-22T08:06:08","date_gmt":"2025-09-22T08:06:08","guid":{"rendered":"https:\/\/www.europesays.com\/lv\/1530\/"},"modified":"2025-09-22T08:06:08","modified_gmt":"2025-09-22T08:06:08","slug":"foto-%e2%9f%a9-mazaja-mezotnes-pili-ar-stavovacijam-izskanejis-pianista-daumanta-liepina-solokoncerts","status":"publish","type":"post","link":"https:\/\/www.europesays.com\/lv\/1530\/","title":{"rendered":"FOTO \u27e9 Mazaj\u0101 Me\u017eotnes pil\u012b ar st\u0101vov\u0101cij\u0101m izskan\u0113jis pianista Daumanta Liepi\u0146a solokoncerts"},"content":{"rendered":"<p>Solokoncerta programm\u0101 bija iek\u013cauti ar\u012b L\u016bcijas Gar\u016btas, Johannesa Br\u0101msa un Kloda Debis\u012b ska\u0146darbi, bet piedev\u0101s skan\u0113ja P\u0113tera Vaska &#8220;Vasaras vakara m\u016bzika&#8221;\u00a0un L\u016bcijas Gar\u016btas &#8220;Prel\u012bde Mi ma\u017eor\u0101&#8221;.<\/p>\n<p>Klaus\u012bt\u0101ji, kuru vid\u016b bija arhitekte Liene Griez\u012bte, jurists un uz\u0146\u0113m\u0113js Justs Karlsons ar kundzi, paz\u012bstam\u0101 kulin\u0101rijas eksperte Ilze Auzere, muzikologs Boriss Avramecs, m\u016bzi\u0137is Igo ar dz\u012bvesbiedreni Gitu Strausti\u0146u diri\u0123ents Atvars Lakst\u012bgala, Latvijas Nacion\u0101l\u0101s operas \u0123ildes priek\u0161s\u0113d\u0113t\u0101js Ivars Slokenbergs un citi\u00a0kult\u016bras baud\u012bt\u0101ji,\u00a0koncerta programmu uz\u0146\u0113ma ar st\u0101vov\u0101cij\u0101m un p\u0113ckoncerta sarun\u0101s atzina, ka \u0161is bijis lielisks vakars ar br\u012bni\u0161\u0137\u012bgu m\u016bziku \u012bpa\u0161\u0101 gaisotn\u0113.<\/p>\n","protected":false},"excerpt":{"rendered":"Solokoncerta programm\u0101 bija iek\u013cauti ar\u012b L\u016bcijas Gar\u016btas, Johannesa Br\u0101msa un Kloda Debis\u012b ska\u0146darbi, bet piedev\u0101s skan\u0113ja P\u0113tera Vaska&hellip;\n","protected":false},"author":2,"featured_media":1531,"comment_status":"","ping_status":"","sticky":false,"template":"","format":"standard","meta":{"footnotes":""},"categories":[19],"tags":[999,1000,89,90,829,35,39,38,36,37,34,40,998,997],"class_list":{"0":"post-1530","1":"post","2":"type-post","3":"status-publish","4":"format-standard","5":"has-post-thumbnail","7":"category-izklaide","8":"tag-aleksandrs-avramecs","9":"tag-daumants-liepins","10":"tag-entertainment","11":"tag-izklaide","12":"tag-klaviermuzika","13":"tag-latvia","14":"tag-latvian","15":"tag-latviesu","16":"tag-latviesu-valoda","17":"tag-latviesuvaloda","18":"tag-latvija","19":"tag-lv","20":"tag-maza-mezotnes-pils","21":"tag-peteris-vasks"},"share_on_mastodon":{"url":"","error":""},"_links":{"self":[{"href":"https:\/\/www.europesays.com\/lv\/wp-json\/wp\/v2\/posts\/1530","targetHints":{"allow":["GET"]}}],"collection":[{"href":"https:\/\/www.europesays.com\/lv\/wp-json\/wp\/v2\/posts"}],"about":[{"href":"https:\/\/www.europesays.com\/lv\/wp-json\/wp\/v2\/types\/post"}],"author":[{"embeddable":true,"href":"https:\/\/www.europesays.com\/lv\/wp-json\/wp\/v2\/users\/2"}],"replies":[{"embeddable":true,"href":"https:\/\/www.europesays.com\/lv\/wp-json\/wp\/v2\/comments?post=1530"}],"version-history":[{"count":0,"href":"https:\/\/www.europesays.com\/lv\/wp-json\/wp\/v2\/posts\/1530\/revisions"}],"wp:featuredmedia":[{"embeddable":true,"href":"https:\/\/www.europesays.com\/lv\/wp-json\/wp\/v2\/media\/1531"}],"wp:attachment":[{"href":"https:\/\/www.europesays.com\/lv\/wp-json\/wp\/v2\/media?parent=1530"}],"wp:term":[{"taxonomy":"category","embeddable":true,"href":"https:\/\/www.europesays.com\/lv\/wp-json\/wp\/v2\/categories?post=1530"},{"taxonomy":"post_tag","embeddable":true,"href":"https:\/\/www.europesays.com\/lv\/wp-json\/wp\/v2\/tags?post=1530"}],"curies":[{"name":"wp","href":"https:\/\/api.w.org\/{rel}","templated":true}]}}