{"id":15318,"date":"2025-10-07T21:21:08","date_gmt":"2025-10-07T21:21:08","guid":{"rendered":"https:\/\/www.europesays.com\/lv\/15318\/"},"modified":"2025-10-07T21:21:08","modified_gmt":"2025-10-07T21:21:08","slug":"foto-%e2%9f%a9-jus-esat-skumja-daila-senjora-recenzija-par-operetes-teatra-iestudejumu-dzudita","status":"publish","type":"post","link":"https:\/\/www.europesays.com\/lv\/15318\/","title":{"rendered":"FOTO \u27e9 &#8220;J\u016bs esat skumja, dai\u013c\u0101 senjora!&#8221; Recenzija par Operetes te\u0101tra iestud\u0113jumu &#8220;D\u017eudita&#8221;"},"content":{"rendered":"<p>Re\u017eisors Gernots Kranners ar \u201cD\u017euditas\u201d materi\u0101lu ir paz\u012bstams jau labu laiku \u2013 2007. gad\u0101 vi\u0146\u0161 ar lieliem pan\u0101kumiem \u0161o darbu iestud\u0113jis Leh\u0101ra festiv\u0101l\u0101 B\u0101di\u0161l\u0101, Austrij\u0101.\u00a0<\/p>\n<p>\u201cNest pasaul\u0113 Austrijas, manas dzimtenes, kult\u016bru vienm\u0113r ir bijis mans m\u016b\u017ea sapnis,&#8221; st\u0101sta re\u017eisors, kur\u0161 ir ar\u012b dzied\u0101t\u0101js, aktieris un dejot\u0101js, pie tam, savulaik film\u0113jies Latvij\u0101 tik iem\u012b\u013cotaj\u0101 Austrijas telev\u012bzijas seri\u0101l\u0101 \u201cKomis\u0101rs Reksis\u201d, turpinot: &#8220;Ar operetes \u201cD\u017eudita\u201d iestud\u0113\u0161anu Latvij\u0101 esmu sevi bag\u0101tin\u0101jis, esmu piedz\u012bvojis to, cik izcili dzied\u0101t\u0101ji \u0161eit dz\u012bvo un cik br\u012bni\u0161\u0137\u012bgi m\u016bzi\u0137i prot iekarot cilv\u0113ku sirdis ar m\u016bzikas sp\u0113ku. Ceru, ka \u0161is iestud\u0113jums sniegs klaus\u012bt\u0101jiem jaunas atkl\u0101smes un dz\u012bvesprieku!&#8221;<\/p>\n","protected":false},"excerpt":{"rendered":"Re\u017eisors Gernots Kranners ar \u201cD\u017euditas\u201d materi\u0101lu ir paz\u012bstams jau labu laiku \u2013 2007. gad\u0101 vi\u0146\u0161 ar lieliem pan\u0101kumiem&hellip;\n","protected":false},"author":2,"featured_media":15319,"comment_status":"","ping_status":"","sticky":false,"template":"","format":"standard","meta":{"footnotes":""},"categories":[19],"tags":[5284,89,2316,90,35,39,38,36,37,34,40,5283],"class_list":{"0":"post-15318","1":"post","2":"type-post","3":"status-publish","4":"format-standard","5":"has-post-thumbnail","7":"category-izklaide","8":"tag-anta-jankovska","9":"tag-entertainment","10":"tag-italija","11":"tag-izklaide","12":"tag-latvia","13":"tag-latvian","14":"tag-latviesu","15":"tag-latviesu-valoda","16":"tag-latviesuvaloda","17":"tag-latvija","18":"tag-lv","19":"tag-nauris-indzeris"},"share_on_mastodon":{"url":"","error":""},"_links":{"self":[{"href":"https:\/\/www.europesays.com\/lv\/wp-json\/wp\/v2\/posts\/15318","targetHints":{"allow":["GET"]}}],"collection":[{"href":"https:\/\/www.europesays.com\/lv\/wp-json\/wp\/v2\/posts"}],"about":[{"href":"https:\/\/www.europesays.com\/lv\/wp-json\/wp\/v2\/types\/post"}],"author":[{"embeddable":true,"href":"https:\/\/www.europesays.com\/lv\/wp-json\/wp\/v2\/users\/2"}],"replies":[{"embeddable":true,"href":"https:\/\/www.europesays.com\/lv\/wp-json\/wp\/v2\/comments?post=15318"}],"version-history":[{"count":0,"href":"https:\/\/www.europesays.com\/lv\/wp-json\/wp\/v2\/posts\/15318\/revisions"}],"wp:featuredmedia":[{"embeddable":true,"href":"https:\/\/www.europesays.com\/lv\/wp-json\/wp\/v2\/media\/15319"}],"wp:attachment":[{"href":"https:\/\/www.europesays.com\/lv\/wp-json\/wp\/v2\/media?parent=15318"}],"wp:term":[{"taxonomy":"category","embeddable":true,"href":"https:\/\/www.europesays.com\/lv\/wp-json\/wp\/v2\/categories?post=15318"},{"taxonomy":"post_tag","embeddable":true,"href":"https:\/\/www.europesays.com\/lv\/wp-json\/wp\/v2\/tags?post=15318"}],"curies":[{"name":"wp","href":"https:\/\/api.w.org\/{rel}","templated":true}]}}