{"id":15332,"date":"2025-10-07T21:40:08","date_gmt":"2025-10-07T21:40:08","guid":{"rendered":"https:\/\/www.europesays.com\/lv\/15332\/"},"modified":"2025-10-07T21:40:08","modified_gmt":"2025-10-07T21:40:08","slug":"motogp-paliek-bez-cempiona-markess-izlaidis-nakamos-posmus-motoru-sports-sportacentrs-com","status":"publish","type":"post","link":"https:\/\/www.europesays.com\/lv\/15332\/","title":{"rendered":"&#8220;MotoGP&#8221; paliek bez \u010dempiona &#8211; Markess izlaid\u012bs n\u0101kamos posmus \u2013 Motoru sports \u2013 Sportacentrs.com"},"content":{"rendered":"<p>&#8220;Ducati&#8221; pirmdien pazi\u0146oja, ka Markesam ir plaukstas kaula pamatnes l\u016bzums un lab\u0101 pleca sai\u0161u boj\u0101jums, kas rad\u0101s p\u0113c sadursmes ar Marko Bedzeki un tam sekojo\u0161\u0101 kritiena. Papildu izmekl\u0113jumi izsl\u0113dza jebk\u0101du saist\u012bbu ar iepriek\u0161\u0113j\u0101m traum\u0101m.<\/p>\n<p>\u0100rst\u0113\u0161ana koncentr\u0113sies uz pleca atp\u016btin\u0101\u0161anu un imobiliz\u0101ciju, un \u0161obr\u012bd oper\u0101cija nav paredz\u0113ta. K\u0101 da\u013cu no &#8220;konservat\u012bv\u0101 \u0101rst\u0113\u0161anas pl\u0101na&#8221; sp\u0101nis izlaid\u012bs Austr\u0101lijas un Malaizijas posmus, kas notiks attiec\u012bgi 19. un 26. oktobr\u012b. L\u0113mums par iesp\u0113jamo atgrie\u0161anos tiks pie\u0146emts, balstoties uz atvese\u013co\u0161an\u0101s progresu n\u0101kamo ned\u0113\u013cu laik\u0101. P\u0113c Malaizijas sezonas kalend\u0101r\u0101 atliku\u0161as v\u0113l tikai divas sac\u012bkstes \u2013 Portug\u0101l\u0113 9. novembr\u012b un Valensij\u0101 16. novembr\u012b.<\/p>\n<blockquote class=\"twitter-tweet\">\n<p lang=\"en\" dir=\"ltr\">MASSIVE CRASH FOR BEZ AND <a href=\"https:\/\/twitter.com\/marcmarquez93?ref_src=twsrc%5Etfw\" rel=\"nofollow noopener\" target=\"_blank\">@marcmarquez93<\/a> \ud83d\udca5<\/p>\n<p>Thankfully both are walking away \ud83d\udc40<a href=\"https:\/\/twitter.com\/hashtag\/IndonesianGP?src=hash&amp;ref_src=twsrc%5Etfw\" rel=\"nofollow noopener\" target=\"_blank\">#IndonesianGP<\/a> \ud83c\uddee\ud83c\udde9 <a href=\"https:\/\/t.co\/hqM7sKqVV0\" rel=\"nofollow\">pic.twitter.com\/hqM7sKqVV0<\/a><\/p>\n<p>\u2014 MotoGP\u2122\ud83c\udfc1 (@MotoGP) <a href=\"https:\/\/twitter.com\/MotoGP\/status\/1974732964429795759?ref_src=twsrc%5Etfw\" rel=\"nofollow noopener\" target=\"_blank\">October 5, 2025<\/a><\/p><\/blockquote>\n<p>Markess jau Jap\u0101nas posm\u0101 bija nodro\u0161in\u0101jis savu dev\u012bto pasaules \u010dempiona titulu, tostarp sept\u012bto &#8220;MotoGP&#8221; klas\u0113, t\u0101p\u0113c vi\u0146a promb\u016btne uz kopv\u0113rt\u0113juma rezult\u0101tiem neatsauksies.<\/p>\n<p>&#8220;Par laimi, trauma nav nopietna, ta\u010du svar\u012bgi iev\u0113rot pilnu atvese\u013co\u0161an\u0101s laiku,&#8221; sac\u012bja Markess, kur\u0161 p\u0113c rokas l\u016bzuma Heres\u0101 2020. gad\u0101 jau p\u0101rcietis \u010detras oper\u0101cijas. &#8220;Mans m\u0113r\u0137is ir atgriezties v\u0113l pirms sezonas beig\u0101m, ta\u010du bez liekas steigas un tikai p\u0113c \u0101rstu ieteikumiem. Gan mans person\u012bgais, gan komandas galvenais m\u0113r\u0137is jau ir sasniegts, t\u0101p\u0113c tagad priorit\u0101te ir piln\u012bga atvese\u013co\u0161an\u0101s.&#8221;<\/p>\n<p>Izmantotie resursi:<br \/><a target=\"_blank\" href=\"http:\/\/www.f1.lv\" rel=\"nofollow noopener\">S\u0101kumlapa : F1LV Blogs<\/a><\/p>\n<p>                    <script async src=\"https:\/\/platform.twitter.com\/widgets.js\" charset=\"utf-8\"><\/script><\/p>\n","protected":false},"excerpt":{"rendered":"&#8220;Ducati&#8221; pirmdien pazi\u0146oja, ka Markesam ir plaukstas kaula pamatnes l\u016bzums un lab\u0101 pleca sai\u0161u boj\u0101jums, kas rad\u0101s p\u0113c&hellip;\n","protected":false},"author":2,"featured_media":15333,"comment_status":"","ping_status":"","sticky":false,"template":"","format":"standard","meta":{"footnotes":""},"categories":[17],"tags":[35,39,38,36,37,34,40,165,67],"class_list":{"0":"post-15332","1":"post","2":"type-post","3":"status-publish","4":"format-standard","5":"has-post-thumbnail","7":"category-sports","8":"tag-latvia","9":"tag-latvian","10":"tag-latviesu","11":"tag-latviesu-valoda","12":"tag-latviesuvaloda","13":"tag-latvija","14":"tag-lv","15":"tag-motoru-sports","16":"tag-sports"},"share_on_mastodon":{"url":"","error":""},"_links":{"self":[{"href":"https:\/\/www.europesays.com\/lv\/wp-json\/wp\/v2\/posts\/15332","targetHints":{"allow":["GET"]}}],"collection":[{"href":"https:\/\/www.europesays.com\/lv\/wp-json\/wp\/v2\/posts"}],"about":[{"href":"https:\/\/www.europesays.com\/lv\/wp-json\/wp\/v2\/types\/post"}],"author":[{"embeddable":true,"href":"https:\/\/www.europesays.com\/lv\/wp-json\/wp\/v2\/users\/2"}],"replies":[{"embeddable":true,"href":"https:\/\/www.europesays.com\/lv\/wp-json\/wp\/v2\/comments?post=15332"}],"version-history":[{"count":0,"href":"https:\/\/www.europesays.com\/lv\/wp-json\/wp\/v2\/posts\/15332\/revisions"}],"wp:featuredmedia":[{"embeddable":true,"href":"https:\/\/www.europesays.com\/lv\/wp-json\/wp\/v2\/media\/15333"}],"wp:attachment":[{"href":"https:\/\/www.europesays.com\/lv\/wp-json\/wp\/v2\/media?parent=15332"}],"wp:term":[{"taxonomy":"category","embeddable":true,"href":"https:\/\/www.europesays.com\/lv\/wp-json\/wp\/v2\/categories?post=15332"},{"taxonomy":"post_tag","embeddable":true,"href":"https:\/\/www.europesays.com\/lv\/wp-json\/wp\/v2\/tags?post=15332"}],"curies":[{"name":"wp","href":"https:\/\/api.w.org\/{rel}","templated":true}]}}