{"id":15346,"date":"2025-10-07T21:51:09","date_gmt":"2025-10-07T21:51:09","guid":{"rendered":"https:\/\/www.europesays.com\/lv\/15346\/"},"modified":"2025-10-07T21:51:09","modified_gmt":"2025-10-07T21:51:09","slug":"heidija-kluma-parizes-modes-nedela-atkal-parsteidz-ar-drosmigu-caurspidigu-kleitu-lente-lv","status":"publish","type":"post","link":"https:\/\/www.europesays.com\/lv\/15346\/","title":{"rendered":"Heidija Kluma Par\u012bzes modes ned\u0113\u013c\u0101 atkal p\u0101rsteidz ar drosm\u012bgu, caursp\u012bd\u012bgu kleitu\u00a0\u2014\u00a0Lente.lv"},"content":{"rendered":"<p>Modes pasaule atkal satiek \u201cnudit\u0101tes\u201d tendenci: Heidija Kluma Par\u012bzes modes ned\u0113\u013c\u0101 p\u0101rsteidz ar drosm\u012bgu t\u0113rpu<\/p>\n<p>Par\u012bzes modes ned\u0113\u013cas laik\u0101, kas pulc\u0113 modes entuziastus un slaven\u012bbas no visas pasaules, supermodele Heidija Kluma demonstr\u0113jusi vienu no drosm\u012bg\u0101kajiem un p\u0101rsteidzo\u0161\u0101kajiem t\u0113rpiem. 52 gadus vec\u0101 modele apmekl\u0113jusi VETEMENTS modes nama pavasara\/vasaras 2026. gada kolekcijas skati, izv\u0113loties kleitu, kas atst\u0101jusi maz vietas izt\u0113lei. \u0160is atkl\u0101tais t\u0113rps, kas sast\u0101v no caursp\u012bd\u012bgas pel\u0113kas me\u017e\u0123\u012b\u0146u kleitas ar gar\u0101m piedurkn\u0113m, ir izrais\u012bjis pla\u0161as diskusijas modes pasaul\u0113. Zem kleitas bija redzama apak\u0161ve\u013ca, radot iespaidu par apzin\u0101tu nevalk\u0101tu kr\u016b\u0161turi, ko da\u017ei mediji d\u0113v\u0113 par \u201catbr\u012bvo kr\u016btis\u201d tendenci.<\/p>\n<p>Stila izv\u0113les un sal\u012bdzin\u0101jumi modes pasaul\u0113<\/p>\n<p>Klumas izv\u0113l\u0113tais t\u0113rps nav vien\u012bgais \u0161ok\u0113jo\u0161ais skat\u012bjums modes ned\u0113\u013cas laik\u0101. Vi\u0146as stils tiek sal\u012bdzin\u0101ts ar cit\u0101m drosm\u012bg\u0101m modes izpausm\u0113m, tostarp ar Kanje Westa sievas Biankas Cenzori provokat\u012bvajiem t\u0113rpiem, kas ar\u012b bie\u017ei vien raksturoti k\u0101 \u201ckaili\u201d vai \u013coti atkl\u0101ti. Kam\u0113r Kluma izv\u0113l\u0113j\u0101s me\u017e\u0123\u012b\u0146u kleitu, Cenzori ir paman\u012bta da\u017e\u0101dos caursp\u012bd\u012bgos t\u0113rpos, kas piln\u012bb\u0101 atkl\u0101j \u0137ermeni, nereti bez apak\u0161ve\u013cas. \u0160\u0101das drosm\u012bgas izv\u0113les modes pas\u0101kumos liecina par tendenci atbr\u012bvoties no ierastajiem ap\u0123\u0113rbu kanoniem un izpausties br\u012bv\u0101k, pat ja tas rada pretrun\u012bgas reakcijas. Da\u017ei kritiz\u0113ju\u0161i Klumas t\u0113rpu k\u0101 \u201cbezgaum\u012bgu\u201d un \u201ckaunpilnu\u201d, savuk\u0101rt citi slav\u0113 vi\u0146as drosmi un pa\u0161p\u0101rliecin\u0101t\u012bbu.<\/p>\n<p>Papildu elementi un influenc\u0113jo\u0161\u0101s personas<\/p>\n<p>Interesanti, ka Kluma savu t\u0113rpu papildin\u0101ja ar plat\u012bna rest\u012bt\u0113m uz zobiem, pie\u0161\u0137irot t\u0113lam v\u0113l nebiju\u0161u un nedaudz provokat\u012bvu akcentu. Modes ned\u0113\u013c\u0101 piedal\u012bj\u0101s ar\u012b Klumas meita, modele Leni Kluma, kura izv\u0113l\u0113j\u0101s attur\u012bg\u0101ku t\u0113rpu. \u0160\u012b tendence izmantot \u201cnudit\u0101tes\u201d elementus un drosm\u012bgus t\u0113rpus ir k\u013cuvusi par modes ned\u0113\u013cas atpaz\u012b\u0161anas z\u012bmi, iedvesmojot ar\u012b citas slaven\u012bbas, piem\u0113ram, Demiju Lovato, kura, \u0161\u0137iet, iedvesmojusies no Biankas Cenzori stila.<\/p>\n","protected":false},"excerpt":{"rendered":"Modes pasaule atkal satiek \u201cnudit\u0101tes\u201d tendenci: Heidija Kluma Par\u012bzes modes ned\u0113\u013c\u0101 p\u0101rsteidz ar drosm\u012bgu t\u0113rpu Par\u012bzes modes ned\u0113\u013cas&hellip;\n","protected":false},"author":2,"featured_media":15347,"comment_status":"","ping_status":"","sticky":false,"template":"","format":"standard","meta":{"footnotes":""},"categories":[19],"tags":[5298,89,5297,90,35,39,38,36,37,34,40,3058,4653,5299],"class_list":{"0":"post-15346","1":"post","2":"type-post","3":"status-publish","4":"format-standard","5":"has-post-thumbnail","7":"category-izklaide","8":"tag-caurspidiga-kleita","9":"tag-entertainment","10":"tag-heidija-kluma","11":"tag-izklaide","12":"tag-latvia","13":"tag-latvian","14":"tag-latviesu","15":"tag-latviesu-valoda","16":"tag-latviesuvaloda","17":"tag-latvija","18":"tag-lv","19":"tag-modes-tendences","20":"tag-parizes-modes-nedela","21":"tag-slavenibu-stils"},"share_on_mastodon":{"url":"","error":""},"_links":{"self":[{"href":"https:\/\/www.europesays.com\/lv\/wp-json\/wp\/v2\/posts\/15346","targetHints":{"allow":["GET"]}}],"collection":[{"href":"https:\/\/www.europesays.com\/lv\/wp-json\/wp\/v2\/posts"}],"about":[{"href":"https:\/\/www.europesays.com\/lv\/wp-json\/wp\/v2\/types\/post"}],"author":[{"embeddable":true,"href":"https:\/\/www.europesays.com\/lv\/wp-json\/wp\/v2\/users\/2"}],"replies":[{"embeddable":true,"href":"https:\/\/www.europesays.com\/lv\/wp-json\/wp\/v2\/comments?post=15346"}],"version-history":[{"count":0,"href":"https:\/\/www.europesays.com\/lv\/wp-json\/wp\/v2\/posts\/15346\/revisions"}],"wp:featuredmedia":[{"embeddable":true,"href":"https:\/\/www.europesays.com\/lv\/wp-json\/wp\/v2\/media\/15347"}],"wp:attachment":[{"href":"https:\/\/www.europesays.com\/lv\/wp-json\/wp\/v2\/media?parent=15346"}],"wp:term":[{"taxonomy":"category","embeddable":true,"href":"https:\/\/www.europesays.com\/lv\/wp-json\/wp\/v2\/categories?post=15346"},{"taxonomy":"post_tag","embeddable":true,"href":"https:\/\/www.europesays.com\/lv\/wp-json\/wp\/v2\/tags?post=15346"}],"curies":[{"name":"wp","href":"https:\/\/api.w.org\/{rel}","templated":true}]}}