{"id":15350,"date":"2025-10-07T21:57:08","date_gmt":"2025-10-07T21:57:08","guid":{"rendered":"https:\/\/www.europesays.com\/lv\/15350\/"},"modified":"2025-10-07T21:57:08","modified_gmt":"2025-10-07T21:57:08","slug":"pec-skirsanas-atkal-kopa-dzenifera-lopesa-un-bens-afleks","status":"publish","type":"post","link":"https:\/\/www.europesays.com\/lv\/15350\/","title":{"rendered":"P\u0113c \u0161\u0137ir\u0161an\u0101s atkal kop\u0101? D\u017eenifera Lopesa un Bens Afleks"},"content":{"rendered":"<p>D\u017eenifera Lopesa \u0161im notikumam bija izv\u0113l\u0113jusies Harris Reed dizain\u0113tu, skulptur\u0101lu kleitu ar ziedu mot\u012bviem un atkl\u0101tiem pleciem \u2013 drosm\u012bgu, ta\u010du sievi\u0161\u0137\u012bgu t\u0113rpu, kas atspogu\u013coja vi\u0146as p\u0101rliec\u012bbu un sp\u0113ju izskat\u012bties nevainojami jebkur\u0101 dz\u012bves posm\u0101. Afleks savuk\u0101rt bija izv\u0113l\u0113jies klasisku, tum\u0161i zilu uzvalku ar atpog\u0101tu baltu kreklu, pie\u0161\u0137irot izskatam neform\u0101lu, bet pa\u0161p\u0101rliecin\u0101tu eleganci. Modes eksperti \u0161o izn\u0101cienu jau nod\u0113v\u0113ju\u0161i par \u201c\u0161\u0137irto p\u0101ru stila stundu\u201d, kur\u0101 abi pier\u0101d\u012bja, ka kl\u0101tb\u016btne var b\u016bt gan mier\u012bga, gan magn\u0113tiska bez dr\u0101mas elementiem.<\/p>\n<p>\u0160\u012b par\u0101d\u012b\u0161an\u0101s iez\u012bm\u0113 jaunu posmu vi\u0146u attiec\u012bbu v\u0113stur\u0113 \u2013 no Holivudas spo\u017e\u0101k\u0101 p\u0101ra l\u012bdz diviem cilv\u0113kiem, kas sp\u0113j cien\u012bgi sadz\u012bvot p\u0113c laul\u012bbas beig\u0101m.<\/p>\n","protected":false},"excerpt":{"rendered":"D\u017eenifera Lopesa \u0161im notikumam bija izv\u0113l\u0113jusies Harris Reed dizain\u0113tu, skulptur\u0101lu kleitu ar ziedu mot\u012bviem un atkl\u0101tiem pleciem \u2013&hellip;\n","protected":false},"author":2,"featured_media":15351,"comment_status":"","ping_status":"","sticky":false,"template":"","format":"standard","meta":{"footnotes":""},"categories":[19],"tags":[63,65,60,89,59,90,70,64,35,39,38,36,37,34,40,68,69,66,67,62,21,61],"class_list":{"0":"post-15350","1":"post","2":"type-post","3":"status-publish","4":"format-standard","5":"has-post-thumbnail","7":"category-izklaide","8":"tag-arvalstis","9":"tag-auto","10":"tag-egoiste","11":"tag-entertainment","12":"tag-financenet","13":"tag-izklaide","14":"tag-klik","15":"tag-kultura","16":"tag-latvia","17":"tag-latvian","18":"tag-latviesu","19":"tag-latviesu-valoda","20":"tag-latviesuvaloda","21":"tag-latvija","22":"tag-lv","23":"tag-maja","24":"tag-receptes","25":"tag-sejas","26":"tag-sports","27":"tag-viedokli","28":"tag-zinas","29":"tag-zinatne"},"share_on_mastodon":{"url":"","error":""},"_links":{"self":[{"href":"https:\/\/www.europesays.com\/lv\/wp-json\/wp\/v2\/posts\/15350","targetHints":{"allow":["GET"]}}],"collection":[{"href":"https:\/\/www.europesays.com\/lv\/wp-json\/wp\/v2\/posts"}],"about":[{"href":"https:\/\/www.europesays.com\/lv\/wp-json\/wp\/v2\/types\/post"}],"author":[{"embeddable":true,"href":"https:\/\/www.europesays.com\/lv\/wp-json\/wp\/v2\/users\/2"}],"replies":[{"embeddable":true,"href":"https:\/\/www.europesays.com\/lv\/wp-json\/wp\/v2\/comments?post=15350"}],"version-history":[{"count":0,"href":"https:\/\/www.europesays.com\/lv\/wp-json\/wp\/v2\/posts\/15350\/revisions"}],"wp:featuredmedia":[{"embeddable":true,"href":"https:\/\/www.europesays.com\/lv\/wp-json\/wp\/v2\/media\/15351"}],"wp:attachment":[{"href":"https:\/\/www.europesays.com\/lv\/wp-json\/wp\/v2\/media?parent=15350"}],"wp:term":[{"taxonomy":"category","embeddable":true,"href":"https:\/\/www.europesays.com\/lv\/wp-json\/wp\/v2\/categories?post=15350"},{"taxonomy":"post_tag","embeddable":true,"href":"https:\/\/www.europesays.com\/lv\/wp-json\/wp\/v2\/tags?post=15350"}],"curies":[{"name":"wp","href":"https:\/\/api.w.org\/{rel}","templated":true}]}}