{"id":15362,"date":"2025-10-07T22:31:08","date_gmt":"2025-10-07T22:31:08","guid":{"rendered":"https:\/\/www.europesays.com\/lv\/15362\/"},"modified":"2025-10-07T22:31:08","modified_gmt":"2025-10-07T22:31:08","slug":"citadeles-valdes-priekssedetaja-nosauc-galveno-problemu-saistiba-ar-pensiju-otro-limeni-latvija","status":"publish","type":"post","link":"https:\/\/www.europesays.com\/lv\/15362\/","title":{"rendered":"&#8220;Citadeles&#8221; valdes priek\u0161s\u0113d\u0113t\u0101ja nosauc galveno probl\u0113mu saist\u012bb\u0101 ar pensiju otro l\u012bmeni Latvij\u0101"},"content":{"rendered":"<p>&#8220;Dz\u012bres un palielin\u0101tais pat\u0113ri\u0146\u0161 Igaunij\u0101 rezult\u0113j\u0101s paaugstin\u0101t\u0101 infl\u0101cij\u0101, kas ietekm\u0113ja visus iedz\u012bvot\u0101jus, turkl\u0101t paties\u0101 ietekme diem\u017e\u0113l v\u0113l nopietni atsp\u0113l\u0113sies \u0161o cilv\u0113ku vecumdien\u0101s,&#8221; nor\u0101da E\u017eerskiene.<\/p>\n<p>Pa\u0161laik Igaunij\u0101 str\u0101d\u0101jo\u0161ajiem ir iesp\u0113ja br\u012bvpr\u0101t\u012bgi pievienoties otrajam pensiju l\u012bmenim, novirzot tam da\u013cu no algas, vai ar\u012b sa\u0146emt \u0161o summu un izmantot p\u0113c saviem ieskatiem.<\/p>\n<p>K\u0101 pau\u017e E\u017eerskiene, par sp\u012bti Igaunijas piem\u0113ram un Eiropas Komisijas (EK) kritikai, ar\u012b Lietuvas Seims \u0161ovasar nol\u0113ma reform\u0113t pensiju otr\u0101 l\u012bme\u0146a uzkr\u0101jumu sist\u0113mu.<\/p>\n<p>Lietuvas jaunie noteikumi paredz, ka cilv\u0113ki vairs netiks autom\u0101tiski iek\u013cauti pensiju uzkr\u0101\u0161anas sist\u0113m\u0101, vi\u0146i var\u0113s no t\u0101s piln\u012bb\u0101 izst\u0101ties, vienreiz iz\u0146emt 25% no uzkr\u0101tajiem l\u012bdzek\u013ciem vai visu summu smagas slim\u012bbas gad\u012bjum\u0101. Tiem, kuri turpin\u0101s uzkr\u0101t pensiju, tiks saglab\u0101ta valsts iemaksa 1,5% apm\u0113r\u0101.<\/p>\n<p>Sal\u012bdzinot ar Igauniju, nodok\u013ci par uzkr\u0101jumu iz\u0146em\u0161anu paredz\u0113ti krietni zem\u0101ki &#8211; 3%, ja persona v\u0113l\u0113sies iz\u0146emt 25% no savas uzkr\u0101t\u0101s pensijas pirms pension\u0113\u0161an\u0101s. Savuk\u0101rt iedz\u012bvot\u0101ji, kuri b\u016bs uzkr\u0101ju\u0161i 5400 l\u012bdz 10 800 eiro, var\u0113s iz\u0146emt visu naudu uzreiz, bet tikai period\u0101 no 2026. l\u012bdz 2027.gadam. \u0160ie l\u012bdzek\u013ci, t\u0101pat k\u0101 iz\u0146emot uzkr\u0101jumu p\u0113c pension\u0113\u0161an\u0101s, b\u016bs atbr\u012bvoti no nodok\u013ciem.<\/p>\n<p>Lietuvas otr\u0101 l\u012bme\u0146a pensiju fondu akt\u012bvu apjoms \u0161obr\u012bd sasniedz 9,1 miljardu eiro jeb 11,6% no valsts iek\u0161zemes kopprodukta. K\u0101 nor\u0101da E\u017eerskiene, tiek l\u0113sts, ka no pensiju uzkr\u0101\u0161anas sist\u0113mas var\u0113tu izst\u0101ties aptuveni 20% cilv\u0113ku.<\/p>\n<p>&#8220;\u0145emot v\u0113r\u0101 Igaunijas piem\u0113ru, pie\u013cauju, ka \u0161\u012bs apl\u0113ses ir p\u0101r\u0101k optimistiskas. Visticam\u0101k, tiks iz\u0146emta puse no kop\u0113jiem uzkr\u0101jumiem. Apm\u0113ram piekt\u0101 da\u013ca \u0161o l\u012bdzek\u013cu tiks ieguld\u012bta nekustamaj\u0101 \u012bpa\u0161um\u0101, bet liel\u0101k\u0101 da\u013ca vienk\u0101r\u0161i izt\u0113r\u0113ta \u012bstermi\u0146a ieguvumam,&#8221; pau\u017e bankas &#8220;Citadele&#8221; vad\u012bt\u0101ja.<\/p>\n","protected":false},"excerpt":{"rendered":"&#8220;Dz\u012bres un palielin\u0101tais pat\u0113ri\u0146\u0161 Igaunij\u0101 rezult\u0113j\u0101s paaugstin\u0101t\u0101 infl\u0101cij\u0101, kas ietekm\u0113ja visus iedz\u012bvot\u0101jus, turkl\u0101t paties\u0101 ietekme diem\u017e\u0113l v\u0113l nopietni&hellip;\n","protected":false},"author":2,"featured_media":15363,"comment_status":"","ping_status":"","sticky":false,"template":"","format":"standard","meta":{"footnotes":""},"categories":[12],"tags":[23,3950,28,29,3949,32,33,22,30,31,35,39,38,36,37,34,40,20,26,27,24,25,21],"class_list":{"0":"post-15362","1":"post","2":"type-post","3":"status-publish","4":"format-standard","5":"has-post-thumbnail","7":"category-latvija","8":"tag-aktualitates","9":"tag-banka-citadele","10":"tag-breaking-news","11":"tag-breakingnews","12":"tag-citadele","13":"tag-featured-news","14":"tag-featurednews","15":"tag-headlines","16":"tag-latest-news","17":"tag-latestnews","18":"tag-latvia","19":"tag-latvian","20":"tag-latviesu","21":"tag-latviesu-valoda","22":"tag-latviesuvaloda","23":"tag-latvija","24":"tag-lv","25":"tag-news","26":"tag-popularakas-zinas","27":"tag-popularakaszinas","28":"tag-top-stories","29":"tag-topstories","30":"tag-zinas"},"share_on_mastodon":{"url":"","error":""},"_links":{"self":[{"href":"https:\/\/www.europesays.com\/lv\/wp-json\/wp\/v2\/posts\/15362","targetHints":{"allow":["GET"]}}],"collection":[{"href":"https:\/\/www.europesays.com\/lv\/wp-json\/wp\/v2\/posts"}],"about":[{"href":"https:\/\/www.europesays.com\/lv\/wp-json\/wp\/v2\/types\/post"}],"author":[{"embeddable":true,"href":"https:\/\/www.europesays.com\/lv\/wp-json\/wp\/v2\/users\/2"}],"replies":[{"embeddable":true,"href":"https:\/\/www.europesays.com\/lv\/wp-json\/wp\/v2\/comments?post=15362"}],"version-history":[{"count":0,"href":"https:\/\/www.europesays.com\/lv\/wp-json\/wp\/v2\/posts\/15362\/revisions"}],"wp:featuredmedia":[{"embeddable":true,"href":"https:\/\/www.europesays.com\/lv\/wp-json\/wp\/v2\/media\/15363"}],"wp:attachment":[{"href":"https:\/\/www.europesays.com\/lv\/wp-json\/wp\/v2\/media?parent=15362"}],"wp:term":[{"taxonomy":"category","embeddable":true,"href":"https:\/\/www.europesays.com\/lv\/wp-json\/wp\/v2\/categories?post=15362"},{"taxonomy":"post_tag","embeddable":true,"href":"https:\/\/www.europesays.com\/lv\/wp-json\/wp\/v2\/tags?post=15362"}],"curies":[{"name":"wp","href":"https:\/\/api.w.org\/{rel}","templated":true}]}}