{"id":15394,"date":"2025-10-08T01:27:09","date_gmt":"2025-10-08T01:27:09","guid":{"rendered":"https:\/\/www.europesays.com\/lv\/15394\/"},"modified":"2025-10-08T01:27:09","modified_gmt":"2025-10-08T01:27:09","slug":"milasstasts-kas-parvertas-par-vienu-no-japanas-baisakajam-legendam-lente-lv","status":"publish","type":"post","link":"https:\/\/www.europesays.com\/lv\/15394\/","title":{"rendered":"M\u012blasst\u0101sts, kas p\u0101rv\u0113rt\u0101s par vienu no Jap\u0101nas bais\u0101kaj\u0101m le\u0123end\u0101m\u00a0\u2014\u00a0Lente.lv"},"content":{"rendered":"<p>St\u0101sts par gei\u0161u Sadu Abe ir viens no tum\u0161\u0101kajiem un nosl\u0113pumain\u0101kajiem devi\u0146padsmit\u0101 gadsimta Jap\u0101nas devi\u0146padsmit\u0101 gadsimta st\u0101stiem, kas joproj\u0101m saista un \u0161ok\u0113. Vi\u0146as m\u012blasst\u0101sts, kas p\u0101rv\u0113rt\u0101s par brut\u0101lu slepkav\u012bbu un kanib\u0101lismu, ir k\u013cuvis par baisu le\u0123endu, kas atspogu\u013co sabiedr\u012bbas p\u0101rmai\u0146u laiku, sievie\u0161u lomu un aps\u0113st\u012bbas tum\u0161o pusi.<\/p>\n<p>Sada Abes tra\u0123isk\u0101 dz\u012bvesg\u0101juma s\u0101kums<\/p>\n<p>Sada Abe dzimusi 1905. gad\u0101 Tokij\u0101, vidus\u0161\u0137iras \u0123imen\u0113, kas nodarboj\u0101s ar tatami pakl\u0101ju ra\u017eo\u0161anu. Jau no b\u0113rn\u012bbas vi\u0146a bija neatkar\u012bga un br\u012bvdom\u012bga, ta\u010du vi\u0146as dz\u012bvi traum\u0113ja k\u0101da notikuma \u2013 15 gadu vecum\u0101 vi\u0146a tika izvarota. Lai gan vec\u0101ki s\u0101kotn\u0113ji vi\u0146u atbalst\u012bja, \u0161is notikums atst\u0101ja dzi\u013cas r\u0113tas un padar\u012bja Sadu arvien gr\u016bt\u0101k savald\u0101mu. Vi\u0146as t\u0113vs vi\u0146u p\u0101rdeva uz gei\u0161u namu Jokoham\u0101, lai gan \u0123imenes locek\u013ci v\u0113l\u0101k domstarp\u0101s par prec\u012bzo iemeslu.<\/p>\n<p>Lai gan Sada iecer\u0113ja kr\u0101\u0161\u0146o gei\u0161u dz\u012bvi, realit\u0101te bija krietni cit\u0101da. P\u0113c slimo\u0161anas ar sifilisu un k\u013c\u016bstot par prostit\u016btu, vi\u0146as dz\u012bve k\u013cuva v\u0113l nekontrol\u0113jam\u0101ka, \u012bpa\u0161i p\u0113c vec\u0101ku n\u0101ves. Vi\u0146as uzskatu par gei\u0161u pasauli \u2013 k\u0101 par m\u0101kslas un gar\u012bguma izpausmi \u2013 stipri ietekm\u0113ja sabiedr\u012bbas stereotipi un romantisk\u0101s literat\u016bras un kino att\u0113lojumi, kas bie\u017ei vien nesp\u0113ja atspogu\u013cot patieso, sare\u017e\u0123\u012bto un da\u017ek\u0101rt b\u012bstamo \u0161\u012bs profesijas realit\u0101ti. Daudzas gei\u0161as m\u016bsdien\u0101s joproj\u0101m saskaras ar nepareiziem priek\u0161statiem, un ir svar\u012bgi at\u0161\u0137irt autentiskas m\u0101kslinieces no t\u0101m, kas izmanto gei\u0161u t\u0113lu.<\/p>\n<p>M\u012bla, aps\u0113st\u012bba un bais\u0101 slepkav\u012bba<\/p>\n<p>1930. gad\u0101 Sada iepazin\u0101s ar Ki\u010di\u017eo I\u0161idu, prec\u0113tu v\u012brieti un k\u0101da Tokijas viesn\u012bcas \u012bpa\u0161nieku. Vi\u0146u kaisl\u012bg\u0101 un nelikum\u012bg\u0101 romantisk\u0101 d\u0113ka p\u0101rv\u0113rt\u0101s par aps\u0113st\u012bbu. Vi\u0146u attiec\u012bbas k\u013cuva arvien ekstr\u0113m\u0101kas, tostarp iesaistoties erotiskaj\u0101 asfiksij\u0101 \u2013 elpas aiztur\u0113\u0161an\u0101 orgasmu laik\u0101. \u0160\u012b b\u012bstam\u0101 sp\u0113le virsot\u0146oj\u0101s 1936. gada 18. maij\u0101, kad Sada, p\u0113c intens\u012bvas m\u012blas nakts, nosmac\u0113ja Ki\u010di\u017eo l\u012bdz n\u0101vei. Vi\u0146a apgalvoja, ka p\u0113c n\u0101ves konstat\u0113\u0161anas izj\u016btusi \u201cskaidr\u012bbas saj\u016btu\u201d.<\/p>\n<p>Bet tas v\u0113l nebija viss. P\u0113c n\u0101ves konstat\u0113\u0161anas Sada ar virtuves nazi p\u0101rgrieza sava m\u012b\u013c\u0101k\u0101 dzimumorg\u0101nus, ietina tos av\u012bzes v\u0101kos un, izmantojot vi\u0146a asinis, uzrakst\u012bja uz vi\u0146a aug\u0161stilba un gultas ve\u013cas uzrakstu \u201cSada, Ki\u010di kop\u0101\u201d (\u201cSada, Kichi Futari-kiri\u201d). Vi\u0146a ar\u012b iegrav\u0113ja savu v\u0101rdu uz vi\u0146a rokas un tad, ap\u0123\u0113rbusies, pameta notikuma vietu, instru\u0113jot person\u0101lu netrauc\u0113t I\u0161idu.<\/p>\n<p>Nacion\u0101l\u0101 sens\u0101cija un \u201cSada m\u0101nija\u201d<\/p>\n<p>Sada Abes slepkav\u012bba k\u013cuva par nacion\u0101lu sens\u0101ciju Jap\u0101n\u0101. Mediji v\u0113traini atspogu\u013coja \u0161o baiso noziegumu, radot taut\u0101 paniku un fascin\u0101ciju, ko d\u0113v\u0113ja par \u201cSada m\u0101niju\u201d. Zi\u0146ojumi par vi\u0146as iesp\u0113jamo atra\u0161an\u0101s vietu pl\u016bda no visas valsts, izraisot pat masu hist\u0113riju. Vi\u0146as noziegums tika ironiski iesaukts par \u201cPieci-asto\u0146padsmit incidents\u201d (5-18), atsaucoties uz \u201cFebru\u0101ra 26. incidentu\u201d \u2013 neveiksm\u012bgo milit\u0101ro apv\u0113rsumu, kas norisin\u0101j\u0101s iepriek\u0161\u0113j\u0101 gad\u0101.<\/p>\n<p>Neskatoties uz brut\u0101lo noziegumu, da\u017ei interpret\u0113 vi\u0146as r\u012bc\u012bbu k\u0101 m\u012blest\u012bbas gal\u0113ju izpausmi, nevis t\u012bru greizsird\u012bbu vai naidu. Viens no skaidrojumiem ir t\u0101ds, ka vi\u0146a v\u0113l\u0113j\u0101s, lai vi\u0146u m\u012blest\u012bba paliktu m\u016b\u017e\u012bgi, lai neviens cits vi\u0146u nevar\u0113tu aizskart. \u0160\u012b interpret\u0101cija, lai gan \u0161ok\u0113jo\u0161a, atspogu\u013co sare\u017e\u0123\u012bto cilv\u0113cisko emociju un aps\u0113st\u012bbas dabu.<\/p>\n<p>Soda un atbr\u012bvo\u0161ana<\/p>\n<p>Sada Abe tika arest\u0113ta divas dienas p\u0113c slepkav\u012bbas. Vi\u0146a nepameta notikuma vietu uzreiz, bet gan dev\u0101s pie k\u0101da biju\u0161\u0101 m\u012b\u013c\u0101k\u0101, politiski ietekm\u012bga v\u012brie\u0161a Gor\u014d Omijas, vi\u0146am atk\u0101rtoti atvainojoties. Policija vi\u0146u atrada viesn\u012bc\u0101, kur vi\u0146a bija p\u0101rnak\u0161\u0146ojusi, un vi\u0146as rokassomi\u0146\u0101 tika atrasti I\u0161idas dzimumorg\u0101ni.<\/p>\n<p>1936. gada 21. decembr\u012b Sada tika noties\u0101ta par slepkav\u012bbu un l\u012b\u0137a apg\u0101n\u012b\u0161anu. Lai gan prokurat\u016bra piepras\u012bja desmit gadu cietumsodu, vi\u0146a sa\u0146\u0113ma se\u0161u gadu sodu, kas tika samazin\u0101ts l\u012bdz pieciem gadiem, pateicoties amnestijai par Jap\u0101nas m\u012btisk\u0101s dibin\u0101\u0161anas 2600. gadadienu. Vi\u0146a tika atbr\u012bvota 1941. gad\u0101.<\/p>\n<p>Apbr\u012bnojami, ka cietum\u0101 vi\u0146a sa\u0146\u0113ma apm\u0113ram 10 000 fanu v\u0113stu\u013cu un vair\u0101kus prec\u012bbu pied\u0101v\u0101jumus. Vi\u0146as atbr\u012bvo\u0161ana izrais\u012bja ba\u017eas par to, k\u0101 vi\u0146a sp\u0113s integr\u0113ties sabiedr\u012bb\u0101, un vi\u0146ai tika pie\u0161\u0137irta at\u013cauja main\u012bt v\u0101rdu, lai dz\u012bvotu anon\u012bmi.<\/p>\n<p>Mantojums un le\u0123enda<\/p>\n<p>Sada Abes st\u0101sts nav tikai par vienu no Jap\u0101nas bais\u0101kaj\u0101m slepkav\u012bb\u0101m. Tas ir par sabiedr\u012bbas p\u0101rmai\u0146u laiku, par sievie\u0161u lomu, par m\u012blest\u012bbas un aps\u0113st\u012bbas robe\u017eu, un par mediju ietekmi uz sabiedr\u012bbas uztveri. Vi\u0146as dz\u012bve ir iedvesmojusi gr\u0101matas, filmas un m\u0101kslas darbus, no kuriem slaven\u0101k\u0101 ir filma \u201cIn The Realm of the Senses\u201d (1976).<\/p>\n<p>Interesanti, ka laika gait\u0101 sabiedr\u012bbas skat\u012bjums uz Sadu Abes gad\u012bjumu ir main\u012bjies. No s\u0101kum\u0101 d\u0113v\u0113ta par \u201cperversu slepkavu\u201d, v\u0113l\u0101k vi\u0146a tika uztverta k\u0101 br\u012bv\u012bbas c\u012bn\u012bt\u0101ja pret apspiest\u012bbu un v\u012brie\u0161u ekspluat\u0101ciju. Vi\u0146a pati sarakst\u012bja autobiogr\u0101fiju, kur\u0101 uzsv\u0113ra savu m\u012blest\u012bbu pret Ki\u010di\u017eo.<\/p>\n<p>Lai gan ir zin\u0101ms, ka vi\u0146a tika p\u0113d\u0113jo reizi redz\u0113ta ap 1970. gadu, vi\u0146as dz\u012bves beigas ir nosl\u0113pumainas. Sada Abes st\u0101sts turpina fascin\u0113t, atg\u0101dinot par cilv\u0113ka psiholo\u0123ijas tum\u0161aj\u0101m dzi\u013cumiem un sabiedr\u012bbas spiedienu, kas var novest pie ekstr\u0113m\u0101m darb\u012bb\u0101m.<\/p>\n","protected":false},"excerpt":{"rendered":"St\u0101sts par gei\u0161u Sadu Abe ir viens no tum\u0161\u0101kajiem un nosl\u0113pumain\u0101kajiem devi\u0146padsmit\u0101 gadsimta Jap\u0101nas devi\u0146padsmit\u0101 gadsimta st\u0101stiem, kas&hellip;\n","protected":false},"author":2,"featured_media":15395,"comment_status":"","ping_status":"","sticky":false,"template":"","format":"standard","meta":{"footnotes":""},"categories":[19],"tags":[89,5311,90,5310,35,39,38,36,37,34,40,5312,5309,2425],"class_list":{"0":"post-15394","1":"post","2":"type-post","3":"status-publish","4":"format-standard","5":"has-post-thumbnail","7":"category-izklaide","8":"tag-entertainment","9":"tag-geisa","10":"tag-izklaide","11":"tag-japanas-slepkaviba","12":"tag-latvia","13":"tag-latvian","14":"tag-latviesu","15":"tag-latviesu-valoda","16":"tag-latviesuvaloda","17":"tag-latvija","18":"tag-lv","19":"tag-milasstasts","20":"tag-sada-abe","21":"tag-tragedija"},"share_on_mastodon":{"url":"","error":""},"_links":{"self":[{"href":"https:\/\/www.europesays.com\/lv\/wp-json\/wp\/v2\/posts\/15394","targetHints":{"allow":["GET"]}}],"collection":[{"href":"https:\/\/www.europesays.com\/lv\/wp-json\/wp\/v2\/posts"}],"about":[{"href":"https:\/\/www.europesays.com\/lv\/wp-json\/wp\/v2\/types\/post"}],"author":[{"embeddable":true,"href":"https:\/\/www.europesays.com\/lv\/wp-json\/wp\/v2\/users\/2"}],"replies":[{"embeddable":true,"href":"https:\/\/www.europesays.com\/lv\/wp-json\/wp\/v2\/comments?post=15394"}],"version-history":[{"count":0,"href":"https:\/\/www.europesays.com\/lv\/wp-json\/wp\/v2\/posts\/15394\/revisions"}],"wp:featuredmedia":[{"embeddable":true,"href":"https:\/\/www.europesays.com\/lv\/wp-json\/wp\/v2\/media\/15395"}],"wp:attachment":[{"href":"https:\/\/www.europesays.com\/lv\/wp-json\/wp\/v2\/media?parent=15394"}],"wp:term":[{"taxonomy":"category","embeddable":true,"href":"https:\/\/www.europesays.com\/lv\/wp-json\/wp\/v2\/categories?post=15394"},{"taxonomy":"post_tag","embeddable":true,"href":"https:\/\/www.europesays.com\/lv\/wp-json\/wp\/v2\/tags?post=15394"}],"curies":[{"name":"wp","href":"https:\/\/api.w.org\/{rel}","templated":true}]}}