{"id":15396,"date":"2025-10-08T01:33:08","date_gmt":"2025-10-08T01:33:08","guid":{"rendered":"https:\/\/www.europesays.com\/lv\/15396\/"},"modified":"2025-10-08T01:33:08","modified_gmt":"2025-10-08T01:33:08","slug":"no-x-faktora-uz-jaunas-dziesmas-virsotnem-lente-lv-2","status":"publish","type":"post","link":"https:\/\/www.europesays.com\/lv\/15396\/","title":{"rendered":"no \u201cX Faktora\u201d uz jaunas dziesmas virsotn\u0113m\u00a0\u2014\u00a0Lente.lv"},"content":{"rendered":"<p>Denijs Grieze \u2013 jaunais talants, kas spo\u017ei iemirdzas gan \u201cX Faktora\u201d gaism\u0101s, gan ar savu ori\u0123in\u0101lm\u016bziku<\/p>\n<p>M\u016bsu muzik\u0101laj\u0101 ainav\u0101 uzplaukst jauns un daudzsolo\u0161s talants \u2013 dzied\u0101t\u0101js un dziesmu autors Denijs Grieze. Vi\u0146a v\u0101rds arvien bie\u017e\u0101k izskan pla\u0161\u0101kos tempos, \u012bpa\u0161i p\u0113c tam, kad vi\u0146\u0161 veiksm\u012bgi p\u0101rvar\u0113jis pirm\u0101s k\u0101rtas TV \u0161ov\u0101 \u201cX Faktors\u201d. Ta\u010du Denijs neapst\u0101jas pie sasniegt\u0101 un turpina iepriecin\u0101t savus klaus\u012bt\u0101jus ar svaigu ori\u0123in\u0101lm\u016bziku. Vi\u0146a jaun\u0101kais singls, dziesma \u201cNesal\u016bzt\u201d, ir k\u0101 apliecin\u0101jums vi\u0146a sp\u0113jai rad\u012bt dzi\u013ci aizkustino\u0161as un person\u012bgas kompoz\u012bcijas.<\/p>\n<p>\u201cNesal\u016bzt\u201d \u2013 dziesma par cer\u012bbu un atbalstu gr\u016btos br\u012b\u017eos<\/p>\n<p>Dziesma \u201cNesal\u016bzt\u201d ir ne tikai jauns Denija Griezes muzik\u0101lais veikums, bet ar\u012b st\u0101sts par cilv\u0113cisko iztur\u012bbu un sp\u0113ju nepadoties, saskaroties ar dz\u012bves gr\u016bt\u012bb\u0101m. K\u0101 pats m\u0101kslinieks atkl\u0101j, kompoz\u012bcija v\u0113sta par to, ka jebkuras kr\u012bzes un p\u0101rbaud\u012bjumi ir viegl\u0101k p\u0101rvarami, ja blakus ir atbalsto\u0161i cilv\u0113ki. \u0160\u012b doma atspogu\u013co m\u016b\u017e\u012bgo paties\u012bbu \u2013 vientul\u012bb\u0101 c\u012b\u0146as nastu ir krietni smag\u0101ks plecos. \u201cNesal\u016bzt\u201d ir iek\u013cauta Denija debijas album\u0101 \u201cLaim\u012bgs\u201d, kas izdots \u0161\u012b gada vasar\u0101 un ir pieejams vis\u0101s popul\u0101r\u0101kaj\u0101s straum\u0113\u0161anas platform\u0101s, k\u0101 ar\u012b fizisk\u0101 CD form\u0101t\u0101. \u0160\u012b dziesma, t\u0101pat k\u0101 visas p\u0101r\u0113j\u0101s albuma kompoz\u012bcijas, ir rad\u012bta pa\u0161a Denija Griezes pr\u0101t\u0101 un sird\u012b \u2013 gan m\u016bzikas, gan v\u0101rdu autors ir vi\u0146\u0161 pats. Lai pie\u0161\u0137irtu dziesmai \u012bpa\u0161u skan\u0113jumu, pie t\u0101s produc\u0113\u0161anas str\u0101d\u0101jis pieredz\u0113ju\u0161ais un pan\u0101kumiem bag\u0101tais producents FAKTS jeb J\u0101nis \u0160m\u0113di\u0146\u0161. Savuk\u0101rt dziesmas teksta video veidojis talant\u012bgais Kaspars Dvinskis no \u201cDween Productions\u201d, pie\u0161\u0137irot vizu\u0101lu dzi\u013cumu \u0161ai emocion\u0101li pies\u0101tin\u0101tajai kompoz\u012bcijai.<\/p>\n<p>No \u201cX Faktora\u201d uz skatuvi: Denija Griezes muzik\u0101lais ce\u013cojums<\/p>\n<p>Denija Griezes ce\u013c\u0161 l\u012bdz pla\u0161\u0101kai atpaz\u012bstam\u012bbai ir k\u0101 dz\u012bvs piem\u0113rs tam, k\u0101 talants un neatlaid\u012bba sp\u0113j atkl\u0101ties ar\u012b tradicion\u0101l\u0101s talantu \u0161ovu platform\u0101s. Vi\u0146a dal\u012bba \u201cX Faktora\u201d sestaj\u0101 sezon\u0101 ir devusi iesp\u0113ju vi\u0146a balsij un rado\u0161ajai b\u016bt\u012bbai sasniegt pla\u0161\u0101ku publiku. Mentori, kuru vid\u016b ir Aija Au\u0161k\u0101pa, Intars Busulis, Reinis S\u0113j\u0101ns un Marats Og\u013cez\u0146evs, ir nov\u0113rt\u0113ju\u0161i vi\u0146a sniegumu, un Grieze ir sp\u0113jis p\u0101rliecino\u0161i doties t\u0101l\u0101k \u0161ov\u0101. Tom\u0113r Denijs nek\u0101d\u0101 zi\u0146\u0101 nav tikai \u201cX Faktora\u201d dal\u012bbnieks; vi\u0146\u0161 ir patst\u0101v\u012bgs un rado\u0161s m\u0101kslinieks, kur\u0161 jau pirms \u0161ova ir akt\u012bvi darbojies m\u016bzikas rad\u012b\u0161an\u0101. Vi\u0146a debijas albums \u201cLaim\u012bgs\u201d ir apliecin\u0101jums tam, ka Grieze ir gatavs iekarot Latvijas m\u016bzikas sc\u0113nu ar savu ori\u0123in\u0101lo skan\u0113jumu un dzi\u013caj\u0101m liriskaj\u0101m t\u0113m\u0101m. Iepriek\u0161\u0113jie vi\u0146a darbi, piem\u0113ram, dziesma \u201cLaim\u012bgs\u201d ar videoklipu, kas film\u0113ts St\u0101merienas pus\u0113, izmantojot Gulbenes-Al\u016bksnes \u0161aurslie\u017eu dzelzce\u013cu, ar\u012b ir sa\u0146\u0113mu\u0161i pozit\u012bvas atsauksmes un demonstr\u0113 Griezes sp\u0113ju rad\u012bt gan muzik\u0101li, gan vizu\u0101li pievilc\u012bgus projektus. Ar\u012b dziesma \u201cApsol\u012bt\u0101 zeme\u201d, kas izdota 2024. gad\u0101, ir k\u0101 apliecin\u0101jums vi\u0146a gatav\u012bbai run\u0101t par svar\u012bg\u0101m soci\u0101l\u0101m t\u0113m\u0101m, pau\u017eot savu redz\u0113jumu par pasaules noris\u0113m un cilv\u0113ku savstarp\u0113j\u0101m attiec\u012bb\u0101m.<\/p>\n<p>M\u016bzikas industrija un sadarb\u012bba<\/p>\n<p>Denija Griezes muzik\u0101lo darb\u012bbu atbalsta izdevniec\u012bba \u201cMicRec\u201d, kas nodro\u0161ina vi\u0146a dai\u013crades izplat\u012b\u0161anu un publicit\u0101ti. \u0160\u012b sadarb\u012bba ir b\u016btisks atbalsts jaunam m\u0101ksliniekam, \u013caujot vi\u0146a m\u016bzikai sasniegt pla\u0161\u0101ku auditoriju un nostiprin\u0101t poz\u012bcijas m\u016bzikas industrij\u0101. Sadarb\u012bba ar t\u0101diem profesion\u0101\u013ciem k\u0101 producents FAKTS un video veidot\u0101js Kaspars Dvinskis liecina par Denija nopietno pieeju savai karjerai un v\u0113lmi str\u0101d\u0101t ar lab\u0101kajiem nozares profesion\u0101\u013ciem. \u0160\u0101da komanda sp\u0113j sniegt nepiecie\u0161amo atbalstu un resursus, lai rad\u012btu kvalitat\u012bvu un konkur\u0113tsp\u0113j\u012bgu m\u016bzikas produktu. Denija Griezes muzik\u0101lais ce\u013c\u0161 ir tikai s\u0101cies, un ar vi\u0146a talantu, degsmi un profesion\u0101lo komandu ir skaidrs, ka m\u0113s dzird\u0113sim par vi\u0146u v\u0113l ne reizi vien, gan k\u0101 par talant\u012bgu izpild\u012bt\u0101ju, gan k\u0101 par sp\u0113c\u012bgu dziesmu autoru, kas sp\u0113j aizskart sirdi un iedvesmot.<\/p>\n","protected":false},"excerpt":{"rendered":"Denijs Grieze \u2013 jaunais talants, kas spo\u017ei iemirdzas gan \u201cX Faktora\u201d gaism\u0101s, gan ar savu ori\u0123in\u0101lm\u016bziku M\u016bsu muzik\u0101laj\u0101&hellip;\n","protected":false},"author":2,"featured_media":15397,"comment_status":"","ping_status":"","sticky":false,"template":"","format":"standard","meta":{"footnotes":""},"categories":[19],"tags":[5307,89,90,2043,35,39,38,194,36,37,34,40,5308,1111],"class_list":{"0":"post-15396","1":"post","2":"type-post","3":"status-publish","4":"format-standard","5":"has-post-thumbnail","7":"category-izklaide","8":"tag-denijs-grieze","9":"tag-entertainment","10":"tag-izklaide","11":"tag-jauna-dziesma","12":"tag-latvia","13":"tag-latvian","14":"tag-latviesu","15":"tag-latviesu-muzika","16":"tag-latviesu-valoda","17":"tag-latviesuvaloda","18":"tag-latvija","19":"tag-lv","20":"tag-nesaluzt","21":"tag-x-faktors"},"share_on_mastodon":{"url":"","error":""},"_links":{"self":[{"href":"https:\/\/www.europesays.com\/lv\/wp-json\/wp\/v2\/posts\/15396","targetHints":{"allow":["GET"]}}],"collection":[{"href":"https:\/\/www.europesays.com\/lv\/wp-json\/wp\/v2\/posts"}],"about":[{"href":"https:\/\/www.europesays.com\/lv\/wp-json\/wp\/v2\/types\/post"}],"author":[{"embeddable":true,"href":"https:\/\/www.europesays.com\/lv\/wp-json\/wp\/v2\/users\/2"}],"replies":[{"embeddable":true,"href":"https:\/\/www.europesays.com\/lv\/wp-json\/wp\/v2\/comments?post=15396"}],"version-history":[{"count":0,"href":"https:\/\/www.europesays.com\/lv\/wp-json\/wp\/v2\/posts\/15396\/revisions"}],"wp:featuredmedia":[{"embeddable":true,"href":"https:\/\/www.europesays.com\/lv\/wp-json\/wp\/v2\/media\/15397"}],"wp:attachment":[{"href":"https:\/\/www.europesays.com\/lv\/wp-json\/wp\/v2\/media?parent=15396"}],"wp:term":[{"taxonomy":"category","embeddable":true,"href":"https:\/\/www.europesays.com\/lv\/wp-json\/wp\/v2\/categories?post=15396"},{"taxonomy":"post_tag","embeddable":true,"href":"https:\/\/www.europesays.com\/lv\/wp-json\/wp\/v2\/tags?post=15396"}],"curies":[{"name":"wp","href":"https:\/\/api.w.org\/{rel}","templated":true}]}}