{"id":15402,"date":"2025-10-08T01:51:19","date_gmt":"2025-10-08T01:51:19","guid":{"rendered":"https:\/\/www.europesays.com\/lv\/15402\/"},"modified":"2025-10-08T01:51:19","modified_gmt":"2025-10-08T01:51:19","slug":"skandals-pec-skandala-meganu-marklu-kritize-par-video-no-dianas-bojaejas-vietas-un-neveiklo-skupstu-ar-dizaineru","status":"publish","type":"post","link":"https:\/\/www.europesays.com\/lv\/15402\/","title":{"rendered":"Skand\u0101ls p\u0113c skand\u0101la \u2013 Meganu M\u0101rklu kritiz\u0113 par video no Di\u0101nas boj\u0101ejas vietas un neveiklo sk\u016bpstu ar dizaineru"},"content":{"rendered":"<p>Saseksas hercogienes Meganas M\u0101rklas viz\u012bte Par\u012bz\u0113, kas s\u0101kotn\u0113ji sol\u012bj\u0101s b\u016bt triumf\u0101la atgrie\u0161an\u0101s Eirop\u0101, izv\u0113rtusies par virkni neveiklu un ska\u013ci apspriestu situ\u0101ciju. P\u0113c divu gadu p\u0101rtraukuma hercogiene bez v\u012bra, prin\u010da Harija, ierad\u0101s uz Par\u012bzes modes ned\u0113\u013cu, ta\u010du k\u013cuva par galveno tablo\u012bdu varoni \u2013 nevis stila, bet gan neveiksmju d\u0113\u013c, raksta \u017eurn\u0101ls &#8220;People&#8221;. <\/p>\n<p>S\u0101kum\u0101 vi\u0146a tika kritiz\u0113ta par nokav\u0113\u0161anos uz &#8220;Balenciaga&#8221; modes skati \u2014 \u0161ova s\u0101kums kav\u0113j\u0101s gandr\u012bz stundu, jo M\u0101rkla ierad\u0101s p\u0113d\u0113j\u0101 br\u012bd\u012b.<\/p>\n<blockquote><p> P\u0113c tam vi\u0146a soci\u0101lajos t\u012bklos public\u0113ja video, kur\u0101 redzama limuz\u012bn\u0101, braucot gar S\u0113nas krastmalu \u2014 tie\u0161i virzien\u0101 uz Alma tuneli, kur 1997. gad\u0101 g\u0101ja boj\u0101 princese Di\u0101na. Interneta lietot\u0101ji vi\u0146as r\u012bc\u012bbu nosauca par &#8220;bied\u0113jo\u0161i cinisku&#8221; un &#8220;piln\u012bgu necie\u0146u pret Di\u0101nas piemi\u0146u&#8221;. <\/p><\/blockquote>\n<p>Karalisk\u0101s \u0123imenes eksperts Ri\u010dards Ficviljamss to koment\u0113ja k\u0101 &#8220;p\u0101rsteidzo\u0161i mu\u013c\u0137\u012bgu soli&#8221;, nor\u0101dot, ka &#8220;neviens padomnieks nekad neieteiktu dar\u012bt,kaut ko tik provokat\u012bvu&#8221;.<\/p>\n<p>Ta\u010du ar to viss nebeidz\u0101s. Soci\u0101lo t\u012bkla &#8220;TikTok&#8221; platform\u0101 \u0101tri k\u013cuva popul\u0101rs v\u0113l viens video \u2014 \u0161oreiz no &#8220;Balenciaga&#8221; skates, kur Megana piedz\u012bvoja neveiklu br\u012bdi ar modes nama dizaineru Pj\u0113rpaolo Pi\u010doli.<\/p>\n<blockquote><p>Video redzams, k\u0101 hercogiene ar pla\u0161u smaidu metas vi\u0146am apsk\u0101vienos, ta\u010du, m\u0113\u0123inot apmain\u012bties ar sveiciena sk\u016bpstu, abi neprec\u012bzi &#8220;tr\u0101pa&#8221; un gandr\u012bz saskaras ar l\u016bp\u0101m. Megana nervozi pasmejas, bet dizainers izskat\u0101s samulsis, un abi steidz\u012bgi apskaujas, lai &#8220;gl\u0101btu situ\u0101ciju&#8221;.<\/p><\/blockquote>\n<p>Soci\u0101lo t\u012bklu lietot\u0101ji uz \u0161o mis\u0113kli rea\u0123\u0113ja zibens\u0101trum\u0101: &#8220;V\u0113l mazliet \u2014 un b\u016btu sk\u016bpsts l\u016bp\u0101s!&#8221; K\u0101ds cits soci\u0101lo t\u012bklu lietot\u0101js pau\u017e, ka labi, ka &#8220;Harijs to neredz&#8221;, bet citi uzsv\u0113ra, ka Megana katru savu par\u0101d\u012b\u0161anos sabiedr\u012bb\u0101 padara par &#8220;cirku&#8221; un &#8220;\u0113rmotu vir\u0101lu video&#8221; materi\u0101lu. <\/p>\n<p>Britu laikrakstu ieskat\u0101 M\u0101rklas viz\u012bte Par\u012bzes modes ned\u0113\u013ca ir vi\u0146as t\u0113la katastrofa, kam par pamatu k\u013cuvis burtiski katrs vi\u0146as solis &#8211; no kav\u0113\u0161an\u0101s l\u012bdz pat video no princeses Di\u0101nas boj\u0101ejas vietas. <\/p>\n<blockquote><p>Eksperti uzsver, ka \u0161ie incidenti tikai padzi\u013cin\u0101s spriedzi starp hercogieni un britu karalisko \u0123imeni.<\/p><\/blockquote>\n<p> K\u0101ds avots britu medijos nor\u0101da: &#8220;M\u0113\u0123inot pier\u0101d\u012bt savu neatkar\u012bbu no prin\u010da Harija, Megana pan\u0101ca pret\u0113jo \u2014 vi\u0146as viz\u012bte paliks atmi\u0146\u0101 k\u0101 viena liela neveikla epizode.&#8221;<\/p>\n<p>Lasi ar\u012b!<\/p>\n<p>&#13;<br \/>\n&#13;<br \/>\n<a target=\"_blank\" href=\"https:\/\/www.1188.lv\/zinas\/meganas-marklas-del-balenciaga-modes-skate-kavejas-gandriz-stundu\/55614\" rel=\"nofollow noopener\">Meganas M\u0101rklas d\u0113\u013c &#8220;Balenciaga&#8221; modes skate kav\u0113j\u0101s gandr\u012bz stundu<\/a>&#13;<br \/>\n&#13;<br \/>\n<\/p>\n<p>&#13;<br \/>\n&#13;<br \/>\n<a target=\"_blank\" href=\"https:\/\/www.1188.lv\/zinas\/megana-markla-atklaj-ka-sev-piedeve-pavisam-citadu-uzvardu-kops-kazam-mani-ta-uzruna\/53676\" rel=\"nofollow noopener\">Megana M\u0101rkla atkl\u0101j, ka sev pied\u0113v\u0113 pavisam cit\u0101du uzv\u0101rdu: &#8220;Kop\u0161 k\u0101z\u0101m mani t\u0101 uzrun\u0101&#8221;<\/a>&#13;<br \/>\n&#13;<br \/>\n<\/p>\n<p>&#13;<br \/>\n&#13;<br \/>\n<a target=\"_blank\" href=\"https:\/\/www.1188.lv\/zinas\/princis-harijs-un-megana-markla-nikni-publiskoti-slepenas-tiksanas-kadri-ar-karala-parstavjiem\/51356\" rel=\"nofollow noopener\">Princis Harijs un Megana M\u0101rkla nikni \u2013 publiskoti slepen\u0101s tik\u0161an\u0101s kadri ar kara\u013ca p\u0101rst\u0101vjiem<\/a>&#13;<br \/>\n&#13;<br \/>\n<\/p>\n<p><img decoding=\"async\" src=\"https:\/\/www.europesays.com\/lv\/wp-content\/uploads\/2025\/10\/339c457239e83bb23ff6f8fe1346314a.png\" title=\"Foto: Ekr\u0101nuz\u0146\u0113mums no \u017eurn\u0101la &quot;People&quot; m\u0101jaslapas\" alt=\"Foto: Ekr\u0101nuz\u0146\u0113mums no \u017eurn\u0101la &quot;People&quot; m\u0101jaslapas\"\/><\/p>\n<p class=\"article-img-desc\">Foto: Ekr\u0101nuz\u0146\u0113mums no \u017eurn\u0101la &#8220;People&#8221; m\u0101jaslapas<\/p>\n","protected":false},"excerpt":{"rendered":"Saseksas hercogienes Meganas M\u0101rklas viz\u012bte Par\u012bz\u0113, kas s\u0101kotn\u0113ji sol\u012bj\u0101s b\u016bt triumf\u0101la atgrie\u0161an\u0101s Eirop\u0101, izv\u0113rtusies par virkni neveiklu un&hellip;\n","protected":false},"author":2,"featured_media":15403,"comment_status":"","ping_status":"","sticky":false,"template":"","format":"standard","meta":{"footnotes":""},"categories":[19],"tags":[129,1773,4937,4931,89,90,35,39,38,36,37,34,40,4938,4932,1774,4939,4933,1775],"class_list":{"0":"post-15402","1":"post","2":"type-post","3":"status-publish","4":"format-standard","5":"has-post-thumbnail","7":"category-izklaide","8":"tag-__typenameadvicekeyword","9":"tag-id1061","10":"tag-id1073","11":"tag-id733","12":"tag-entertainment","13":"tag-izklaide","14":"tag-latvia","15":"tag-latvian","16":"tag-latviesu","17":"tag-latviesu-valoda","18":"tag-latviesuvaloda","19":"tag-latvija","20":"tag-lv","21":"tag-slugmegana-markla","22":"tag-slugmodes-tendences","23":"tag-slugslavenibas","24":"tag-titlemegana-markla","25":"tag-titlemodes-tendences","26":"tag-titleslavenibas"},"share_on_mastodon":{"url":"","error":""},"_links":{"self":[{"href":"https:\/\/www.europesays.com\/lv\/wp-json\/wp\/v2\/posts\/15402","targetHints":{"allow":["GET"]}}],"collection":[{"href":"https:\/\/www.europesays.com\/lv\/wp-json\/wp\/v2\/posts"}],"about":[{"href":"https:\/\/www.europesays.com\/lv\/wp-json\/wp\/v2\/types\/post"}],"author":[{"embeddable":true,"href":"https:\/\/www.europesays.com\/lv\/wp-json\/wp\/v2\/users\/2"}],"replies":[{"embeddable":true,"href":"https:\/\/www.europesays.com\/lv\/wp-json\/wp\/v2\/comments?post=15402"}],"version-history":[{"count":0,"href":"https:\/\/www.europesays.com\/lv\/wp-json\/wp\/v2\/posts\/15402\/revisions"}],"wp:featuredmedia":[{"embeddable":true,"href":"https:\/\/www.europesays.com\/lv\/wp-json\/wp\/v2\/media\/15403"}],"wp:attachment":[{"href":"https:\/\/www.europesays.com\/lv\/wp-json\/wp\/v2\/media?parent=15402"}],"wp:term":[{"taxonomy":"category","embeddable":true,"href":"https:\/\/www.europesays.com\/lv\/wp-json\/wp\/v2\/categories?post=15402"},{"taxonomy":"post_tag","embeddable":true,"href":"https:\/\/www.europesays.com\/lv\/wp-json\/wp\/v2\/tags?post=15402"}],"curies":[{"name":"wp","href":"https:\/\/api.w.org\/{rel}","templated":true}]}}