{"id":15416,"date":"2025-10-08T02:15:07","date_gmt":"2025-10-08T02:15:07","guid":{"rendered":"https:\/\/www.europesays.com\/lv\/15416\/"},"modified":"2025-10-08T02:15:07","modified_gmt":"2025-10-08T02:15:07","slug":"pec-12-gadiem-no-straumesanas-platformam-pazud-populara-dziesma-ziepniekkalns-lente-lv","status":"publish","type":"post","link":"https:\/\/www.europesays.com\/lv\/15416\/","title":{"rendered":"P\u0113c 12 gadiem no straum\u0113\u0161anas platform\u0101m paz\u016bd popul\u0101r\u0101 dziesma &#8220;Ziepniekkalns&#8221;\u00a0\u2014\u00a0Lente.lv"},"content":{"rendered":"<p>Dziesmas &#8220;Ziepniekkalns&#8221; negaid\u012btais pazudums no straum\u0113\u0161anas platform\u0101m<\/p>\n<p>P\u0113c 12 gadiem no klaus\u012bt\u0101ju sird\u012bm un ar\u012b digit\u0101l\u0101s pasaules ir izzudusi le\u0123end\u0101r\u0101 dziesma &#8220;Ziepniekkalns&#8221;, ko izpilda pa\u0161m\u0101ju reperis Reiks kop\u0101 ar Elfu. \u0160is ska\u0146darbs, kas daudziem k\u013cuvis par jaun\u012bbas un atmi\u0146u simbolu, ir no\u0146emts no vis\u0101m straum\u0113\u0161anas vietn\u0113m. Reiks soci\u0101lajos t\u012bklos atkl\u0101jis, ka tas noticis autorties\u012bbu str\u012bdu d\u0113\u013c, kas saist\u012bti ar dziesm\u0101 izmantoto fragmentu no Ulda Stabulnieka sirds skartsp\u0113j\u012bg\u0101s kompoz\u012bcijas &#8220;Lietus&#8221;.<\/p>\n<p>M\u016bzi\u0137is skaidro, ka probl\u0113mas radu\u0161\u0101s, jo dziesm\u0101 &#8220;Ziepniekkalns&#8221; tika aizg\u016bts neliels, bet atpaz\u012bstams fragments no Ulda Stabulnieka dziesmas &#8220;Lietus&#8221;. &#8220;Dziesma &#8220;Ziepniekkalns&#8221; ir iz\u0146emta no vis\u0101m platform\u0101m. K\u0101 tas notika? Pirms 12 gadiem, kad tais\u012bj\u0101m b\u012btu \u0161ai dziesmai, m\u0113s iesamploj\u0101m vienu senu plati, kas izr\u0101d\u012bj\u0101s Ulda Stabulnieka dziesma &#8220;Lietus&#8221;,&#8221; st\u0101sta Reiks.<\/p>\n<blockquote>\n<p>&#8220;M\u0113s bij\u0101m jauni un stulbi, mums nebija pieredzes, lai saprastu, k\u0101 korekti saska\u0146ot autorties\u012bbas. Un tagad, p\u0113c 12 gadiem, dziesmai ir uzlikts bloks, jo izmantots \u0161is sampls.&#8221;<\/p>\n<\/blockquote>\n<p>Reiks atz\u012bst, ka dziesmas tap\u0161anas laik\u0101, kad Uldis Stabulnieks aizg\u0101ja m\u016b\u017e\u012bb\u0101, vi\u0146i ar Elfu biju\u0161i jauni un nepietiekami pieredz\u0113ju\u0161i, lai piln\u012bb\u0101 izprastu autorties\u012bbu nianses un nepiecie\u0161am\u012bbu ofici\u0101li saska\u0146ot izmantotos m\u016bzikas fragmentus. \u0160obr\u012bd, p\u0113c vair\u0101k nek\u0101 desmit gadiem, \u0161is autorties\u012bbu p\u0101rk\u0101pums ir rad\u012bjis sekas, liekot dziesmai pazust no digit\u0101l\u0101s aprites.<\/p>\n<p>Autorties\u012bbu sare\u017e\u0123\u012bt\u0101 pasaule un m\u016bsdienu realit\u0101te<\/p>\n<p>\u0160is gad\u012bjums atg\u0101dina par to, cik svar\u012bgi m\u016bsdienu m\u016bzikas industrij\u0101 ir stingri iev\u0113rot autorties\u012bbas. Pat neliels, \u0161\u0137ietami nevain\u012bgs m\u016bzikas parauga (sampla) izmantojums var rad\u012bt nopietnas juridiskas sekas p\u0113c ilga laika. Autorties\u012bbu likumdo\u0161ana ir sare\u017e\u0123\u012bta un nepiel\u016bdzama, un t\u0101s p\u0101rk\u0101p\u0161ana, pat neapzin\u0101ti, var novest pie darbu blo\u0137\u0113\u0161anas vai dz\u0113\u0161anas no publisk\u0101s pieejam\u012bbas.<\/p>\n<p>Uldis Stabulnieks, kura talants joproj\u0101m tiek godin\u0101ts, rad\u012bjis daudzas iem\u012b\u013cotas dziesmas, starp kur\u0101m ar\u012b &#8220;Lietus&#8221;. Vi\u0146a m\u016bzikas mantojums ir v\u0113rt\u012bgs, un t\u0101 aizsardz\u012bbai ir b\u016btiska noz\u012bme. \u0160is gad\u012bjums kalpo k\u0101 m\u0101c\u012bba jaunajiem m\u016bzi\u0137iem un producentiem, uzsverot nepiecie\u0161am\u012bbu p\u0113c atbild\u012bgas pieejas rado\u0161aj\u0101 proces\u0101. Lai gan &#8220;Ziepniekkalns&#8221; ir k\u013cuvis par daudzu klaus\u012bt\u0101ju jaun\u012bbas simbolu, t\u0101 m\u016bsdienu pieejam\u012bba ir apdraud\u0113ta \u0161o autorties\u012bbu nesaska\u0146u d\u0113\u013c.<\/p>\n<p>Reiks pau\u017e no\u017e\u0113lu par notiku\u0161o, atz\u012bstot savu toreiz\u0113jo nezin\u0101\u0161anu un jaun\u012bbas maksim\u0101lismu. Tom\u0113r vi\u0146\u0161 cer, ka \u0161\u012b situ\u0101cija var\u0113tu sniegt v\u0113rt\u012bgu ieskatu un pam\u0101c\u012bbu gan vi\u0146a kol\u0113\u0123iem m\u016bzi\u0137iem, gan ar\u012b pla\u0161\u0101kai publikai par autorties\u012bbu noz\u012bmi m\u016bzikas pasaul\u0113. Lai gan dziesma &#8220;Ziepniekkalns&#8221; tagad ir pazudusi no digit\u0101laj\u0101m platform\u0101m, t\u0101s atst\u0101tais kult\u016bras mantojums un atmi\u0146as paliek klaus\u012bt\u0101ju sird\u012bs.<\/p>\n<p>N\u0101kotnes perspekt\u012bvas un l\u012bdz\u012bgas situ\u0101cijas m\u016bzikas industrij\u0101<\/p>\n<p>\u0160\u0101das situ\u0101cijas, kad p\u0113c ilga laika tiek aktualiz\u0113tas autorties\u012bbu probl\u0113mas, nav retums m\u016bzikas industrij\u0101. T\u0101s bie\u017ei vien izriet no nepietiekamas izpratnes par autorties\u012bbu likumdo\u0161anu vai vienk\u0101r\u0161i no neuzman\u012bbas rado\u0161\u0101 procesa laik\u0101. M\u016bsdienu digit\u0101l\u0101 vide ar t\u0101s straum\u0113\u0161anas platform\u0101m un soci\u0101lajiem medijiem ir padar\u012bjusi autorties\u012bbu jaut\u0101jumus v\u0113l aktu\u0101l\u0101kus un sare\u017e\u0123\u012bt\u0101kus.<\/p>\n<p>Re\u0123istr\u0113t\u0101 m\u016bzika un t\u0101s izmanto\u0161ana, vai tas b\u016btu tie\u0161s kop\u0113\u0161ana, atdarin\u0101\u0161ana vai pat neliela fragmenta, jeb sampla, izmanto\u0161ana, vienm\u0113r prasa r\u016bp\u012bgu juridisko saska\u0146o\u0161anu. Str\u012bdi par autorties\u012bb\u0101m var rasties ne tikai attiec\u012bb\u0101 uz dziesmu fragmentiem, bet ar\u012b par melodij\u0101m, v\u0101rdiem, aran\u017eij\u0101m un pat izpild\u012bjumu. Ar\u012b gad\u012bjumi, kad tiek apstr\u012bd\u0113tas ties\u012bbas uz padomju laikos rad\u012btiem darbiem, liecina par autorties\u012bbu jomas sare\u017e\u0123\u012bt\u012bbu un da\u017e\u0101daj\u0101m interpret\u0101cij\u0101m.<\/p>\n<p>Lai gan dziesma &#8220;Ziepniekkalns&#8221; vairs nav klaus\u0101ma straum\u0113\u0161anas platform\u0101s, t\u0101s popularit\u0101te un noz\u012bme klaus\u012bt\u0101ju vid\u016b, visticam\u0101k, nemazin\u0101sies. T\u0101 paliks k\u0101 atmi\u0146u un kult\u016bras liec\u012bba, apliecinot latvie\u0161u hiphopa att\u012bst\u012bbu un t\u0101 saknes. \u0160is gad\u012bjums mudina aizdom\u0101ties par rado\u0161\u0101s darb\u012bbas sek\u0101m un nepiecie\u0161am\u012bbu r\u016bp\u012bgi izv\u0113rt\u0113t katru soli, lai saglab\u0101tu gan savu, gan citu m\u0101kslinieku rado\u0161o mantojumu.<\/p>\n","protected":false},"excerpt":{"rendered":"Dziesmas &#8220;Ziepniekkalns&#8221; negaid\u012btais pazudums no straum\u0113\u0161anas platform\u0101m P\u0113c 12 gadiem no klaus\u012bt\u0101ju sird\u012bm un ar\u012b digit\u0101l\u0101s pasaules ir&hellip;\n","protected":false},"author":2,"featured_media":15417,"comment_status":"","ping_status":"","sticky":false,"template":"","format":"standard","meta":{"footnotes":""},"categories":[19],"tags":[5320,5322,5318,89,5321,90,35,39,38,36,37,34,355,3678,40,103,5317,2600,5319],"class_list":{"0":"post-15416","1":"post","2":"type-post","3":"status-publish","4":"format-standard","5":"has-post-thumbnail","7":"category-izklaide","8":"tag-autortiesibas","9":"tag-dziesmu-paraugi","10":"tag-elfs","11":"tag-entertainment","12":"tag-hiphops","13":"tag-izklaide","14":"tag-latvia","15":"tag-latvian","16":"tag-latviesu","17":"tag-latviesu-valoda","18":"tag-latviesuvaloda","19":"tag-latvija","20":"tag-latvijas-muzika","21":"tag-lietus","22":"tag-lv","23":"tag-muzika","24":"tag-reiks","25":"tag-uldis-stabulnieks","26":"tag-ziepniekkalns"},"share_on_mastodon":{"url":"","error":""},"_links":{"self":[{"href":"https:\/\/www.europesays.com\/lv\/wp-json\/wp\/v2\/posts\/15416","targetHints":{"allow":["GET"]}}],"collection":[{"href":"https:\/\/www.europesays.com\/lv\/wp-json\/wp\/v2\/posts"}],"about":[{"href":"https:\/\/www.europesays.com\/lv\/wp-json\/wp\/v2\/types\/post"}],"author":[{"embeddable":true,"href":"https:\/\/www.europesays.com\/lv\/wp-json\/wp\/v2\/users\/2"}],"replies":[{"embeddable":true,"href":"https:\/\/www.europesays.com\/lv\/wp-json\/wp\/v2\/comments?post=15416"}],"version-history":[{"count":0,"href":"https:\/\/www.europesays.com\/lv\/wp-json\/wp\/v2\/posts\/15416\/revisions"}],"wp:featuredmedia":[{"embeddable":true,"href":"https:\/\/www.europesays.com\/lv\/wp-json\/wp\/v2\/media\/15417"}],"wp:attachment":[{"href":"https:\/\/www.europesays.com\/lv\/wp-json\/wp\/v2\/media?parent=15416"}],"wp:term":[{"taxonomy":"category","embeddable":true,"href":"https:\/\/www.europesays.com\/lv\/wp-json\/wp\/v2\/categories?post=15416"},{"taxonomy":"post_tag","embeddable":true,"href":"https:\/\/www.europesays.com\/lv\/wp-json\/wp\/v2\/tags?post=15416"}],"curies":[{"name":"wp","href":"https:\/\/api.w.org\/{rel}","templated":true}]}}