{"id":15429,"date":"2025-10-08T02:34:12","date_gmt":"2025-10-08T02:34:12","guid":{"rendered":"https:\/\/www.europesays.com\/lv\/15429\/"},"modified":"2025-10-08T02:34:12","modified_gmt":"2025-10-08T02:34:12","slug":"rune-aicina-ieviest-ierobezojumus-liela-karstuma-aizvaditajos-tenisa-turniros-teniss-sportacentrs-com","status":"publish","type":"post","link":"https:\/\/www.europesays.com\/lv\/15429\/","title":{"rendered":"R\u016bne aicina ieviest ierobe\u017eojumus liel\u0101 karstum\u0101 aizvad\u012btajos tenisa turn\u012bros \u2013 Teniss \u2013 Sportacentrs.com"},"content":{"rendered":"<p>\u0160anhajas &#8220;ATP 1000&#8221; turn\u012bra astotda\u013cfin\u0101l\u0101 R\u016bne, kur\u0161 ATP rang\u0101 atrodas 11. poz\u012bcij\u0101, ar 6-4, 6-7 (7:9), 6-3 uzvar\u0113ja franc\u016bzi D\u017eovanni Mpet\u0161i-Perik\u0101ru (ATP 37.). C\u012b\u0146a ilga divas ar pusi stundas, kuru laik\u0101 gaisa temperat\u016bra bija virs +30 gr\u0101diem.<\/p>\n<p>Iepriek\u0161 \u0160anhaj\u0101 karstuma d\u0113\u013c ma\u010du nevar\u0113ja turpin\u0101t pasaules ranga l\u012bderis Janniks Sinners, t\u0101pat sliktas pa\u0161saj\u016btas vai savainojumu d\u0113\u013c izst\u0101j\u0101s ar\u012b norv\u0113\u0123is Kaspers R\u016bds (ATP 12.) un \u010dehs Tom\u0101\u0161s Maha\u010ds (ATP 23.).<\/p>\n<p>Sarun\u0101 ar medijiem R\u016bne izc\u0113la, ka katrs sp\u0113l\u0113t\u0101js piekristu, ka ir nepiecie\u0161ami noteikumi saist\u012bb\u0101 ar turn\u012briem, kas norisin\u0101s liel\u0101 karstum\u0101, jo tas atst\u0101j iespaidu uz tenisistu vesel\u012bbu.<\/p>\n<p>&#8220;Var iztur\u0113t noteiktu karstumu, jo esam ment\u0101li un fiziski sp\u0113c\u012bgi, bet visam ir limits. Ir svar\u012bgi piev\u0113rst uzman\u012bbu savai vesel\u012bbai, mums tom\u0113r ir j\u0101izdz\u012bvo,&#8221; teica R\u016bne, kuram iepriek\u0161\u0113j\u0101s k\u0101rtas ma\u010d\u0101 bija nepiecie\u0161ams medic\u012bniskais p\u0101rtraukums karstuma d\u0113\u013c.<\/p>\n<p>ATP nor\u0101d\u012bja, ka tenisistu vesel\u012bba un dro\u0161\u012bba ir galven\u0101 priorit\u0101te, ta\u010du l\u0113mumus saist\u012bb\u0101 ar laikapst\u0101k\u013ciem pie\u0146em turn\u012bra ATP p\u0101rst\u0101vis, viet\u0113jais medic\u012bniskais person\u0101ls un turn\u012bra organiz\u0113t\u0101ji.<\/p>\n<p>No cita turn\u012bra \u0136\u012bn\u0101 \u0161odien izst\u0101j\u0101s A\u013cona Ostapenko.<\/p>\n<p>&#8220;\u0160odien bija gr\u016bta diena, man bija karstuma d\u016briens,&#8221; Ostapenko p\u0113c sp\u0113les pazi\u0146oja sav\u0101 &#8220;Instagrtam&#8221; kont\u0101. Sp\u0113les laik\u0101 gaisa temperat\u016bra p\u0101rsniedza 30 gr\u0101dus p\u0113c Celsija skalas.<\/p>\n","protected":false},"excerpt":{"rendered":"\u0160anhajas &#8220;ATP 1000&#8221; turn\u012bra astotda\u013cfin\u0101l\u0101 R\u016bne, kur\u0161 ATP rang\u0101 atrodas 11. poz\u012bcij\u0101, ar 6-4, 6-7 (7:9), 6-3 uzvar\u0113ja&hellip;\n","protected":false},"author":2,"featured_media":15430,"comment_status":"","ping_status":"","sticky":false,"template":"","format":"standard","meta":{"footnotes":""},"categories":[17],"tags":[35,39,38,36,37,34,40,67,683],"class_list":{"0":"post-15429","1":"post","2":"type-post","3":"status-publish","4":"format-standard","5":"has-post-thumbnail","7":"category-sports","8":"tag-latvia","9":"tag-latvian","10":"tag-latviesu","11":"tag-latviesu-valoda","12":"tag-latviesuvaloda","13":"tag-latvija","14":"tag-lv","15":"tag-sports","16":"tag-teniss"},"share_on_mastodon":{"url":"","error":""},"_links":{"self":[{"href":"https:\/\/www.europesays.com\/lv\/wp-json\/wp\/v2\/posts\/15429","targetHints":{"allow":["GET"]}}],"collection":[{"href":"https:\/\/www.europesays.com\/lv\/wp-json\/wp\/v2\/posts"}],"about":[{"href":"https:\/\/www.europesays.com\/lv\/wp-json\/wp\/v2\/types\/post"}],"author":[{"embeddable":true,"href":"https:\/\/www.europesays.com\/lv\/wp-json\/wp\/v2\/users\/2"}],"replies":[{"embeddable":true,"href":"https:\/\/www.europesays.com\/lv\/wp-json\/wp\/v2\/comments?post=15429"}],"version-history":[{"count":0,"href":"https:\/\/www.europesays.com\/lv\/wp-json\/wp\/v2\/posts\/15429\/revisions"}],"wp:featuredmedia":[{"embeddable":true,"href":"https:\/\/www.europesays.com\/lv\/wp-json\/wp\/v2\/media\/15430"}],"wp:attachment":[{"href":"https:\/\/www.europesays.com\/lv\/wp-json\/wp\/v2\/media?parent=15429"}],"wp:term":[{"taxonomy":"category","embeddable":true,"href":"https:\/\/www.europesays.com\/lv\/wp-json\/wp\/v2\/categories?post=15429"},{"taxonomy":"post_tag","embeddable":true,"href":"https:\/\/www.europesays.com\/lv\/wp-json\/wp\/v2\/tags?post=15429"}],"curies":[{"name":"wp","href":"https:\/\/api.w.org\/{rel}","templated":true}]}}