{"id":154441,"date":"2026-03-16T02:06:09","date_gmt":"2026-03-16T02:06:09","guid":{"rendered":"https:\/\/www.europesays.com\/lv\/154441\/"},"modified":"2026-03-16T02:06:09","modified_gmt":"2026-03-16T02:06:09","slug":"parizes-modes-nedela-%e2%9f%a9-elie-saab-triumfe-ar-grezniem-vakarterpiem","status":"publish","type":"post","link":"https:\/\/www.europesays.com\/lv\/154441\/","title":{"rendered":"PAR\u012aZES MODES NED\u0112\u013bA \u27e9 Elie Saab triumf\u0113 ar grezniem vakart\u0113rpiem"},"content":{"rendered":"<p>Kolekcij\u0101 \u012bpa\u0161a uzman\u012bba piev\u0113rsta svin\u012bgiem t\u0113rpiem, kas piem\u0113roti gan izsmalcin\u0101tiem pas\u0101kumiem, gan sarkan\u0101 pakl\u0101ja vakariem. Dizainers palicis uztic\u012bgs savai est\u0113tikai \u2013 sievi\u0161\u0137\u012bgiem siluetiem, bag\u0101t\u012bgi dekor\u0113tiem audumiem un dramatiskai elegancei.<\/p>\n<p>\u0160\u012bs sezonas kolekcij\u0101 p\u0101rsvar\u0101 izmantota tum\u0161a kr\u0101su palete. Domin\u0113 melnie un pl\u016bmju to\u0146i, kas t\u0113rpiem pie\u0161\u0137ir nosl\u0113pumainu un izsmalcin\u0101tu noska\u0146u. Uz m\u0113les bie\u017ei bija redzami fliteri un me\u017e\u0123\u012b\u0146u iz\u0161uvumi, kas pie\u0161\u0137ir t\u0113rpiem tekst\u016bru un greznumu. \u0160ie dekorat\u012bvie elementi ir k\u013cuvu\u0161i par vienu no Elie Saab modes nama atpaz\u012bstam\u0101kaj\u0101m iez\u012bm\u0113m.<\/p>\n","protected":false},"excerpt":{"rendered":"Kolekcij\u0101 \u012bpa\u0161a uzman\u012bba piev\u0113rsta svin\u012bgiem t\u0113rpiem, kas piem\u0113roti gan izsmalcin\u0101tiem pas\u0101kumiem, gan sarkan\u0101 pakl\u0101ja vakariem. Dizainers palicis uztic\u012bgs&hellip;\n","protected":false},"author":2,"featured_media":154442,"comment_status":"","ping_status":"","sticky":false,"template":"","format":"standard","meta":{"footnotes":"","_share_on_mastodon":"0"},"categories":[19],"tags":[31151,89,90,35,39,38,36,37,34,40,175,3068],"class_list":["post-154441","post","type-post","status-publish","format-standard","has-post-thumbnail","category-izklaide","tag-dolcegabbana","tag-entertainment","tag-izklaide","tag-latvia","tag-latvian","tag-latviesu","tag-latviesu-valoda","tag-latviesuvaloda","tag-latvija","tag-lv","tag-mode","tag-modeles"],"share_on_mastodon":{"url":"https:\/\/pubeurope.com\/@lv\/116236411412875210","error":""},"_links":{"self":[{"href":"https:\/\/www.europesays.com\/lv\/wp-json\/wp\/v2\/posts\/154441","targetHints":{"allow":["GET"]}}],"collection":[{"href":"https:\/\/www.europesays.com\/lv\/wp-json\/wp\/v2\/posts"}],"about":[{"href":"https:\/\/www.europesays.com\/lv\/wp-json\/wp\/v2\/types\/post"}],"author":[{"embeddable":true,"href":"https:\/\/www.europesays.com\/lv\/wp-json\/wp\/v2\/users\/2"}],"replies":[{"embeddable":true,"href":"https:\/\/www.europesays.com\/lv\/wp-json\/wp\/v2\/comments?post=154441"}],"version-history":[{"count":0,"href":"https:\/\/www.europesays.com\/lv\/wp-json\/wp\/v2\/posts\/154441\/revisions"}],"wp:featuredmedia":[{"embeddable":true,"href":"https:\/\/www.europesays.com\/lv\/wp-json\/wp\/v2\/media\/154442"}],"wp:attachment":[{"href":"https:\/\/www.europesays.com\/lv\/wp-json\/wp\/v2\/media?parent=154441"}],"wp:term":[{"taxonomy":"category","embeddable":true,"href":"https:\/\/www.europesays.com\/lv\/wp-json\/wp\/v2\/categories?post=154441"},{"taxonomy":"post_tag","embeddable":true,"href":"https:\/\/www.europesays.com\/lv\/wp-json\/wp\/v2\/tags?post=154441"}],"curies":[{"name":"wp","href":"https:\/\/api.w.org\/{rel}","templated":true}]}}