{"id":15453,"date":"2025-10-08T03:15:17","date_gmt":"2025-10-08T03:15:17","guid":{"rendered":"https:\/\/www.europesays.com\/lv\/15453\/"},"modified":"2025-10-08T03:15:17","modified_gmt":"2025-10-08T03:15:17","slug":"sakusies-bilesu-tirdznieciba-uz-muzikas-gada-notikumu-gamma-apbalvosanas-ceremoniju-un-zvaigznu-koncertu","status":"publish","type":"post","link":"https:\/\/www.europesays.com\/lv\/15453\/","title":{"rendered":"S\u0101kusies bi\u013ce\u0161u tirdzniec\u012bba uz m\u016bzikas gada notikumu \u2013 &#8220;GAMMA&#8221; apbalvo\u0161anas ceremoniju un zvaig\u017e\u0146u koncertu"},"content":{"rendered":"<p>Par GAMMA<\/p>\n<p>GAMMA (Gada Augst\u0101kais M\u016bsdienu M\u016bzikas Apbalvojums) ir jauns koncepts Latvijas m\u016bzikas balvu vid\u0113, t\u0101 izce\u013c ne vien jau labi paz\u012bstamus m\u0101ksliniekus, kuri ierasti atrodas starme\u0161u gaism\u0101 un kameru uzman\u012bbas centr\u0101, bet ar\u012b aizkuli\u0161u profesion\u0101\u013cus, bez kuriem pan\u0101kumi m\u016bzik\u0101 nav iedom\u0101jami. GAMMA kategoriju veido\u0161an\u0101 un nominantu v\u0113rt\u0113\u0161an\u0101 liela loma ir datiem &#8211; kolekt\u012bv\u0101 p\u0101rvald\u012bjuma organiz\u0101cij\u0101s re\u0123istr\u0113to darbu skaitam visos \u017eanros v\u0113rt\u0113\u0161anas perioda laik\u0101, atska\u0146ojumiem radio stacij\u0101s un klaus\u012bjumiem digit\u0101l\u0101s straum\u0113\u0161anas platform\u0101s, atsevi\u0161\u0137\u0101s kategorij\u0101s ar\u012b m\u0101kslinieku koncertdarb\u012bbai un publiskaj\u0101m aktivit\u0101t\u0113m. Da\u013ca kategoriju veido tikai pragmatisms &#8211; dati, da\u013c\u0101 kategoriju datiem ir tikai konsultat\u012bva noz\u012bme, bet l\u0113mumu par nomin\u0101cij\u0101m un laure\u0101tu pie\u0146ems \u017e\u016brija. GAMMA tiek veidota p\u0113c biedr\u012bbas \u201cLatvijas Izpild\u012bt\u0101ju un producentu apvien\u012bbas\u201d (LaIPA) iniciat\u012bvas, uzdevumu realiz\u0113t jaunas nacion\u0101la l\u012bme\u0146a nozares balvas izveidi LaIPA padomei 2024. gada maij\u0101 uztic\u0113ja biedru kopsapulce. Pla\u0161\u0101ka inform\u0101cija par balvu un jaunumiem pieejama <a href=\"www.gammabalva.lv\">ofici\u0101laj\u0101 m\u0101jaslap\u0101<\/a> un soci\u0101lo t\u012bklu profilos: <a target=\"_blank\" rel=\"noopener noreferrer nofollow\" href=\"https:\/\/www.instagram.com\/gamma_balva\/\">Instagram<\/a>, <a href=\"https:\/\/sejas.tvnet.lv\/8338027\/Facebook%20\" rel=\"nofollow noopener\" target=\"_blank\">Facebook<\/a> un <a target=\"_blank\" rel=\"noopener noreferrer nofollow\" href=\"https:\/\/TikTok\">TikTok<\/a>.<\/p>\n<p><script async src=\"\/\/www.instagram.com\/embed.js\"><\/script><\/p>\n","protected":false},"excerpt":{"rendered":"Par GAMMA GAMMA (Gada Augst\u0101kais M\u016bsdienu M\u016bzikas Apbalvojums) ir jauns koncepts Latvijas m\u016bzikas balvu vid\u0113, t\u0101 izce\u013c ne&hellip;\n","protected":false},"author":2,"featured_media":15454,"comment_status":"","ping_status":"","sticky":false,"template":"","format":"standard","meta":{"footnotes":""},"categories":[19],"tags":[89,5330,90,35,39,38,36,37,34,40,5329,1068],"class_list":{"0":"post-15453","1":"post","2":"type-post","3":"status-publish","4":"format-standard","5":"has-post-thumbnail","7":"category-izklaide","8":"tag-entertainment","9":"tag-gamma","10":"tag-izklaide","11":"tag-latvia","12":"tag-latvian","13":"tag-latviesu","14":"tag-latviesu-valoda","15":"tag-latviesuvaloda","16":"tag-latvija","17":"tag-lv","18":"tag-muzikas-nozares-balva-gamma","19":"tag-xiaomi-arena"},"share_on_mastodon":{"url":"","error":""},"_links":{"self":[{"href":"https:\/\/www.europesays.com\/lv\/wp-json\/wp\/v2\/posts\/15453","targetHints":{"allow":["GET"]}}],"collection":[{"href":"https:\/\/www.europesays.com\/lv\/wp-json\/wp\/v2\/posts"}],"about":[{"href":"https:\/\/www.europesays.com\/lv\/wp-json\/wp\/v2\/types\/post"}],"author":[{"embeddable":true,"href":"https:\/\/www.europesays.com\/lv\/wp-json\/wp\/v2\/users\/2"}],"replies":[{"embeddable":true,"href":"https:\/\/www.europesays.com\/lv\/wp-json\/wp\/v2\/comments?post=15453"}],"version-history":[{"count":0,"href":"https:\/\/www.europesays.com\/lv\/wp-json\/wp\/v2\/posts\/15453\/revisions"}],"wp:featuredmedia":[{"embeddable":true,"href":"https:\/\/www.europesays.com\/lv\/wp-json\/wp\/v2\/media\/15454"}],"wp:attachment":[{"href":"https:\/\/www.europesays.com\/lv\/wp-json\/wp\/v2\/media?parent=15453"}],"wp:term":[{"taxonomy":"category","embeddable":true,"href":"https:\/\/www.europesays.com\/lv\/wp-json\/wp\/v2\/categories?post=15453"},{"taxonomy":"post_tag","embeddable":true,"href":"https:\/\/www.europesays.com\/lv\/wp-json\/wp\/v2\/tags?post=15453"}],"curies":[{"name":"wp","href":"https:\/\/api.w.org\/{rel}","templated":true}]}}