{"id":15476,"date":"2025-10-08T03:38:08","date_gmt":"2025-10-08T03:38:08","guid":{"rendered":"https:\/\/www.europesays.com\/lv\/15476\/"},"modified":"2025-10-08T03:38:08","modified_gmt":"2025-10-08T03:38:08","slug":"ko-spej-tomahawk-rakete-no-kuras-putinam-bail","status":"publish","type":"post","link":"https:\/\/www.europesays.com\/lv\/15476\/","title":{"rendered":"Ko sp\u0113j \u201cTomahawk\u201d \u2013 ra\u0137ete, no kuras Putinam bail"},"content":{"rendered":"<p>Krievijas diktators Vladimirs Putins ir rea\u0123\u0113jis uz jaun\u0101kajiem pazi\u0146ojumiem par iesp\u0113jamu \u201cTomahawk\u201d ra\u0137e\u0161u pieg\u0101di Ukrainai. 5. oktobr\u012b intervij\u0101 vi\u0146\u0161 pazi\u0146oja, ka \u0161\u0101ds solis \u201cizn\u012bcin\u0101s pozit\u012bvo tendenci\u201d ASV un Krievijas divpus\u0113j\u0101s attiec\u012bb\u0101s.<\/p>\n<p>Ja \u201cTomahawk\u201d tiktu pieg\u0101d\u0101ts Ukrainai, t\u0101 lieto\u0161an\u0101 j\u0101iesaist\u0101s b\u016btu ar\u012b amerik\u0101\u0146iem \u2013 ar \u0161\u0101du retoriku Putins cen\u0161as iebied\u0113t Rietumus un m\u0113\u0123ina pamatot savus eskal\u0101cijas draudus. Putins jau iepriek\u0161 izmantojis da\u017e\u0101du taktiku, lai iebied\u0113tu ASV \u2013 gan par \u201cATACMS\u201d, F-16 izn\u012bcin\u0101t\u0101jiem, \u201cAbrams\u201d tankiem.<\/p>\n<p>Ra\u0137ete, kas sp\u0113j izn\u012bcin\u0101t noz\u012bm\u012bgus objektus \u2013 \u201cTomahawk\u201d<\/p>\n<p>Ukrainas sp\u0113ki jau tagad sp\u0113j veikt t\u0101la m\u0113roga dronu triecienus pret noz\u012bm\u012bgu da\u013cu Krievijas kritisk\u0101s infrastrukt\u016bras. Jau v\u0113st\u012bj\u0101m par l\u012bdz \u0161im t\u0101l\u0101ko dronu triecienu k\u0101dai naftas r\u016bpn\u012bcai 2000 kilometru att\u0101lum\u0101 no Ukrainas robe\u017eas. Tom\u0113r \u0161ie droni nav paredz\u0113ti lielas posta\u017eas rad\u012b\u0161anai vai specializ\u0113tu objektu izn\u012bcin\u0101\u0161anai.<\/p>\n<p>Noskaties video: <a href=\"https:\/\/tv3.lv\/zinas\/arvalstis\/video-ukraini-veikusi-lidz-sim-talako-dronu-triecienu-krievijas-teritorija-vairak-neka-2000-kilometru-no-robezas\/\" rel=\"nofollow noopener\" target=\"_blank\">Ukrai\u0146i veiku\u0161i l\u012bdz \u0161im t\u0101l\u0101ko dronu triecienu Krievijas teritorij\u0101<\/a> \u2013 vair\u0101k nek\u0101 2000 kilometru no robe\u017eas<\/p>\n<p>Ja Ukrainai b\u016btu pieejami liel\u0101ki l\u0101di\u0146i, t\u0101 var\u0113tu b\u016btiski boj\u0101t vai pat izn\u012bcin\u0101t svar\u012bgo milit\u0101ro infrastrukt\u016bru dzi\u013ci Krievijas teritorij\u0101, piem\u0113r \u201cShahed\u201d dronu fabriku Je\u013cabug\u0101 vai Engels\u20112 aviob\u0101zi Saratovas apgabal\u0101, no kuras Krievija izlai\u017e strat\u0113\u0123iskos bumbved\u0113jus, kas raida sp\u0101rnot\u0101s ra\u0137etes pret Ukrainu.<\/p>\n<p class=\"ad-desc ad-desc-main\">Saturs turpin\u0101s p\u0113c rekl\u0101mas<\/p>\n<p class=\"ad-desc ad-desc-sec\">Rekl\u0101ma<\/p>\n<p>ASV Kara p\u0113t\u012bjumu instit\u016bts (\u201cISW\u201d) ir apr\u0113\u0137in\u0101jis, ka vismaz 1 945 Krievijas milit\u0101ro objektu atrodas \u201cTomahawk\u201d ar 2 500 kilometru darb\u012bbas r\u0101diusa sasniedzam\u012bbas zon\u0101, un vismaz 1 655 obejktu sp\u0113tu sasniegt \u201cTomahawk\u201d ar 1 600 kilometru r\u0101diusu.<\/p>\n<p>            <img loading=\"lazy\" decoding=\"async\" class=\"size-full wp-image-3633224 skaties-content-image\" title=\" \" src=\"https:\/\/www.europesays.com\/lv\/wp-content\/uploads\/2025\/10\/dc0d-68e4d34750610.jpg\" alt=\" \" width=\"643\" height=\"731\"\/><\/p>\n<p>Ukraina esot uzs\u0101kusi ra\u017eot FP\u20115 Flamingo sp\u0101rnot\u0101s ra\u0137etes, kuru darb\u012bbas r\u0101diuss ir pat 3000 kilometri, ta\u010du sist\u0113ma v\u0113l nav p\u0101rbaud\u012bta praks\u0113 un tas pras\u012bs laiku.<\/p>\n<p>\u201cTomahawk\u201d ir t\u0101la m\u0113roga bezpilota ra\u0137ete \u2014 aptuveni 5,6 m gara, ar precizit\u0101ti aptuveni 5 metri un maksim\u0101lo \u0101trumu ap 885 km\/h. To palai\u017e vertik\u0101li no ku\u0123iem vai horizont\u0101li no uzbrukuma zem\u016bde\u0146u torp\u0113du caurul\u0113m un \u0101r\u0113jiem palai\u0161anas blokiem. Palai\u0161anas f\u0101z\u0113 to kustina ciet\u0101 kurin\u0101m\u0101 starteris, bet lidojum\u0101 \u2014 turbofan motors ar mazu siltuma sign\u0101lu, kas apgr\u016btina t\u0101s ieraudz\u012b\u0161anu. Ra\u0137ete lido zemu un to ir gr\u016bti paman\u012bt.<\/p>\n<p class=\"tv3-fw-500\">Zi\u0146o par k\u013c\u016bdu rakst\u0101<\/p>\n<p class=\"d-md-block d-none\">Iez\u012bm\u0113 k\u013c\u016bdaino tekstu un spied Ctrl+Enter.<\/p>\n<p class=\"d-md-none d-block\">Iez\u012bm\u0113 k\u013c\u016bdaino tekstu un zi\u0146o par to!<\/p>\n","protected":false},"excerpt":{"rendered":"Krievijas diktators Vladimirs Putins ir rea\u0123\u0113jis uz jaun\u0101kajiem pazi\u0146ojumiem par iesp\u0113jamu \u201cTomahawk\u201d ra\u0137e\u0161u pieg\u0101di Ukrainai. 5. oktobr\u012b intervij\u0101&hellip;\n","protected":false},"author":2,"featured_media":15477,"comment_status":"","ping_status":"","sticky":false,"template":"","format":"standard","meta":{"footnotes":""},"categories":[5],"tags":[23,5335,28,29,32,33,22,30,31,35,39,38,36,37,34,40,20,26,27,24,25,21],"class_list":{"0":"post-15476","1":"post","2":"type-post","3":"status-publish","4":"format-standard","5":"has-post-thumbnail","7":"category-aktualitates","8":"tag-aktualitates","9":"tag-asvkars-ukrainakrievijavladimirs-putinsvolodimirs-zelenskis","10":"tag-breaking-news","11":"tag-breakingnews","12":"tag-featured-news","13":"tag-featurednews","14":"tag-headlines","15":"tag-latest-news","16":"tag-latestnews","17":"tag-latvia","18":"tag-latvian","19":"tag-latviesu","20":"tag-latviesu-valoda","21":"tag-latviesuvaloda","22":"tag-latvija","23":"tag-lv","24":"tag-news","25":"tag-popularakas-zinas","26":"tag-popularakaszinas","27":"tag-top-stories","28":"tag-topstories","29":"tag-zinas"},"share_on_mastodon":{"url":"","error":""},"_links":{"self":[{"href":"https:\/\/www.europesays.com\/lv\/wp-json\/wp\/v2\/posts\/15476","targetHints":{"allow":["GET"]}}],"collection":[{"href":"https:\/\/www.europesays.com\/lv\/wp-json\/wp\/v2\/posts"}],"about":[{"href":"https:\/\/www.europesays.com\/lv\/wp-json\/wp\/v2\/types\/post"}],"author":[{"embeddable":true,"href":"https:\/\/www.europesays.com\/lv\/wp-json\/wp\/v2\/users\/2"}],"replies":[{"embeddable":true,"href":"https:\/\/www.europesays.com\/lv\/wp-json\/wp\/v2\/comments?post=15476"}],"version-history":[{"count":0,"href":"https:\/\/www.europesays.com\/lv\/wp-json\/wp\/v2\/posts\/15476\/revisions"}],"wp:featuredmedia":[{"embeddable":true,"href":"https:\/\/www.europesays.com\/lv\/wp-json\/wp\/v2\/media\/15477"}],"wp:attachment":[{"href":"https:\/\/www.europesays.com\/lv\/wp-json\/wp\/v2\/media?parent=15476"}],"wp:term":[{"taxonomy":"category","embeddable":true,"href":"https:\/\/www.europesays.com\/lv\/wp-json\/wp\/v2\/categories?post=15476"},{"taxonomy":"post_tag","embeddable":true,"href":"https:\/\/www.europesays.com\/lv\/wp-json\/wp\/v2\/tags?post=15476"}],"curies":[{"name":"wp","href":"https:\/\/api.w.org\/{rel}","templated":true}]}}