{"id":1548,"date":"2025-09-22T08:17:22","date_gmt":"2025-09-22T08:17:22","guid":{"rendered":"https:\/\/www.europesays.com\/lv\/1548\/"},"modified":"2025-09-22T08:17:22","modified_gmt":"2025-09-22T08:17:22","slug":"no-edamam-lidz-aizsargajamam-sugam-lente-lv","status":"publish","type":"post","link":"https:\/\/www.europesays.com\/lv\/1548\/","title":{"rendered":"no \u0113dam\u0101m l\u012bdz aizsarg\u0101jam\u0101m sug\u0101m\u00a0\u2014\u00a0Lente.lv"},"content":{"rendered":"<p>Dabas Muzejs aicina uz ikgad\u0113jo s\u0113\u0146u izst\u0101di: rudens veltes vienuviet<\/p>\n<p>Latvijas Nacion\u0101lais dabas muzejs atkal ir v\u0113ris durvis apmekl\u0113t\u0101jiem, lai iepaz\u012bstin\u0101tu ar gadalaika bag\u0101t\u012bb\u0101m ikgad\u0113j\u0101 \u201cLiel\u0101s s\u0113\u0146u izst\u0101des 2025\u201d ietvaros. \u0160is pas\u0101kums, kas tradicion\u0101li pulc\u0113 s\u0113\u0146o\u0161anas entuziastus un dabas draugus, notiks no 17. l\u012bdz 21. septembrim. Izst\u0101de pied\u0101v\u0101 daudzveid\u012bgu ieskatu s\u0113\u0146u pasaul\u0113, demonstr\u0113jot gan mums labi zin\u0101m\u0101s un iecien\u012bt\u0101s, gan ar\u012b ret\u0101k sastopamas un pat aizsarg\u0101jamas sugas. T\u0101 ir lieliska iesp\u0113ja papildin\u0101t zin\u0101\u0161anas par Latvijas me\u017eu velt\u0113m, vienlaikus cienot dabu un t\u0101s daudzveid\u012bbu.<\/p>\n<p>S\u0113\u0146u daudzveid\u012bba un praktiskie pielietojumi<\/p>\n<p>Muzeja speci\u0101listi un Latvijas Mikologu biedr\u012bba ir r\u016bp\u012bgi atlas\u012bju\u0161i un sagatavoju\u0161i ekspoz\u012bciju, kas aptver pla\u0161u s\u0113\u0146u kl\u0101stu \u2013 no \u0113dam\u0101m l\u012bdz pat ind\u012bg\u0101m un aizsarg\u0101jam\u0101m. Apmekl\u0113t\u0101ji var\u0113s ne tikai apl\u016bkot da\u017e\u0101das s\u0113\u0146u formas un kr\u0101sas, bet ar\u012b uzzin\u0101t par to noz\u012bmi ekosist\u0113m\u0101 un at\u0161\u0137ir\u012bb\u0101m starp l\u012bdz\u012bg\u0101m sug\u0101m, t\u0101d\u0113j\u0101di pasarg\u0101jot sevi no nepat\u012bkamiem p\u0101rsteigumiem. \u0100rpus tradicion\u0101l\u0101s izzi\u0146as, izst\u0101de sniedz ieskatu ar\u012b s\u0113\u0146u praktiskajos pielietojumos: var\u0113s apl\u016bkot ar s\u0113n\u0113m kr\u0101sotas dzijas, no piep\u0113m gatavotu pap\u012bru un inovat\u012bvus mikokompoz\u012btus, kas tiek izmantoti k\u0101 dabai draudz\u012bgs iepakojums. Tas liecina par s\u0113\u0146u potenci\u0101lu ne tikai k\u0101 p\u0101rtikas produktu, bet ar\u012b k\u0101 materi\u0101lu avotu.<\/p>\n<p>Iesp\u0113ja k\u013c\u016bt par l\u012bdzveidot\u0101ju un g\u016bt zin\u0101\u0161anas<\/p>\n<p>Viena no izst\u0101des v\u0113rt\u012bg\u0101kaj\u0101m trad\u012bcij\u0101m ir apmekl\u0113t\u0101ju l\u012bdzdal\u012bba. Ikviens tiek aicin\u0101ts atnest uz muzeju sav\u0101 d\u0101rz\u0101, park\u0101 vai me\u017e\u0101 atrast\u0101s s\u0113nes. Tur profesion\u0101li mikologi sniegs konsult\u0101cijas par sugu noteik\u0161anu un dal\u012bsies sav\u0101s zin\u0101\u0161an\u0101s. \u0160\u0101da sadarb\u012bba ne tikai bag\u0101tina muzeja kolekciju ar v\u0113rt\u012bgiem eksempl\u0101riem, bet ar\u012b akt\u012bvi iesaista sabiedr\u012bbu dabas izp\u0113t\u0113. Tas ir br\u012bni\u0161\u0137\u012bgs veids, k\u0101 iepaz\u012bt dabu tuv\u0101k un justies k\u0101 da\u013cai no zin\u0101tnisk\u0101 procesa. T\u0101pat izst\u0101d\u0113 b\u016bs iesp\u0113ja ieg\u0101d\u0101ties izgl\u012btojo\u0161us materi\u0101lus, tostarp \u201cLielo Latvijas s\u0113\u0146u gr\u0101matu\u201d, kas pal\u012bdz\u0113s turpin\u0101t s\u0113\u0146u pasaules izzin\u0101\u0161anu ar\u012b p\u0113c izst\u0101des apmekl\u0113juma.<\/p>\n<p>S\u0113\u0146o\u0161ana \u2013 Latvijas kult\u016bras neat\u0146emama sast\u0101vda\u013ca<\/p>\n<p>S\u0113\u0146o\u0161ana Latvij\u0101 ir vair\u0101k nek\u0101 tikai hobijs \u2013 t\u0101 ir dzi\u013ci iesak\u0146ojusies kult\u016bras trad\u012bcija, kas ir iek\u013cauta Nacion\u0101laj\u0101 nemateri\u0101l\u0101 kult\u016bras mantojuma sarakst\u0101. T\u0101 saista cilv\u0113kus ar dabu, sniedzot gan fizisku, gan gar\u012bgu baud\u012bjumu. Lai gan m\u016bsdienu tehnolo\u0123ijas un transporta l\u012bdzek\u013ci ir main\u012bju\u0161ies, s\u0113\u0146u v\u0101k\u0161anas prieks un me\u017ea vel\u0161u izbaud\u012b\u0161ana joproj\u0101m saglab\u0101jas k\u0101 sp\u0113c\u012bgs kult\u016bras elements. Izst\u0101de Dabas muzej\u0101 ir apliecin\u0101jums tam, cik svar\u012bga un daudz\u0161\u0137aut\u0146aina ir m\u016bsu tautas saikne ar s\u0113n\u0113m.<\/p>\n","protected":false},"excerpt":{"rendered":"Dabas Muzejs aicina uz ikgad\u0113jo s\u0113\u0146u izst\u0101di: rudens veltes vienuviet Latvijas Nacion\u0101lais dabas muzejs atkal ir v\u0113ris durvis&hellip;\n","protected":false},"author":2,"featured_media":1549,"comment_status":"","ping_status":"","sticky":false,"template":"","format":"standard","meta":{"footnotes":""},"categories":[5],"tags":[23,28,29,1003,32,33,22,30,31,35,39,38,36,37,34,160,40,1004,20,26,27,1005,1002,24,25,21],"class_list":{"0":"post-1548","1":"post","2":"type-post","3":"status-publish","4":"format-standard","5":"has-post-thumbnail","7":"category-aktualitates","8":"tag-aktualitates","9":"tag-breaking-news","10":"tag-breakingnews","11":"tag-dabas-muzejs","12":"tag-featured-news","13":"tag-featurednews","14":"tag-headlines","15":"tag-latest-news","16":"tag-latestnews","17":"tag-latvia","18":"tag-latvian","19":"tag-latviesu","20":"tag-latviesu-valoda","21":"tag-latviesuvaloda","22":"tag-latvija","23":"tag-latvijas-kultura","24":"tag-lv","25":"tag-mikologija","26":"tag-news","27":"tag-popularakas-zinas","28":"tag-popularakaszinas","29":"tag-senosana","30":"tag-senu-izstade","31":"tag-top-stories","32":"tag-topstories","33":"tag-zinas"},"share_on_mastodon":{"url":"","error":""},"_links":{"self":[{"href":"https:\/\/www.europesays.com\/lv\/wp-json\/wp\/v2\/posts\/1548","targetHints":{"allow":["GET"]}}],"collection":[{"href":"https:\/\/www.europesays.com\/lv\/wp-json\/wp\/v2\/posts"}],"about":[{"href":"https:\/\/www.europesays.com\/lv\/wp-json\/wp\/v2\/types\/post"}],"author":[{"embeddable":true,"href":"https:\/\/www.europesays.com\/lv\/wp-json\/wp\/v2\/users\/2"}],"replies":[{"embeddable":true,"href":"https:\/\/www.europesays.com\/lv\/wp-json\/wp\/v2\/comments?post=1548"}],"version-history":[{"count":0,"href":"https:\/\/www.europesays.com\/lv\/wp-json\/wp\/v2\/posts\/1548\/revisions"}],"wp:featuredmedia":[{"embeddable":true,"href":"https:\/\/www.europesays.com\/lv\/wp-json\/wp\/v2\/media\/1549"}],"wp:attachment":[{"href":"https:\/\/www.europesays.com\/lv\/wp-json\/wp\/v2\/media?parent=1548"}],"wp:term":[{"taxonomy":"category","embeddable":true,"href":"https:\/\/www.europesays.com\/lv\/wp-json\/wp\/v2\/categories?post=1548"},{"taxonomy":"post_tag","embeddable":true,"href":"https:\/\/www.europesays.com\/lv\/wp-json\/wp\/v2\/tags?post=1548"}],"curies":[{"name":"wp","href":"https:\/\/api.w.org\/{rel}","templated":true}]}}