{"id":15487,"date":"2025-10-08T03:56:08","date_gmt":"2025-10-08T03:56:08","guid":{"rendered":"https:\/\/www.europesays.com\/lv\/15487\/"},"modified":"2025-10-08T03:56:08","modified_gmt":"2025-10-08T03:56:08","slug":"riga-notiks-jau-piektais-ukrainas-kino-dienu-festivals-lente-lv","status":"publish","type":"post","link":"https:\/\/www.europesays.com\/lv\/15487\/","title":{"rendered":"R\u012bg\u0101 notiks jau piektais Ukrainas kino dienu festiv\u0101ls\u00a0\u2014\u00a0Lente.lv"},"content":{"rendered":"<p>Ukrainas Kino Dienas Atgrie\u017eas R\u012bg\u0101: Ce\u013cojums caur Sp\u0113c\u012bgiem St\u0101stiem<\/p>\n<p>No 10. l\u012bdz 12. oktobrim R\u012bg\u0101 norisin\u0101sies jau piektais Ukrainas kino dienu festiv\u0101ls, pied\u0101v\u0101jot bezmaksas seansus kinote\u0101tr\u012b \u201cK.Suns\u201d. \u0160is pas\u0101kums, ko atbalsta Ukrainas Kino valsts a\u0123ent\u016bra un Ukrainas v\u0113stniec\u012bba Latvij\u0101, ir k\u013cuvis par noz\u012bm\u012bgu notikumu kult\u016bras kalend\u0101r\u0101, stiprinot Latvijas un Ukrainas kult\u016bras saikni un populariz\u0113jot ukrai\u0146u kinematogr\u0101fiju Eirop\u0101. Festiv\u0101ls pied\u0101v\u0101s tr\u012bs dienu garum\u0101 piecus kino seansus, kuros tiks izr\u0101d\u012btas tr\u012bs sp\u0113lfilmas un divas dokument\u0101l\u0101s filmas \u2013 gan jauni, starptautiski atz\u012bti darbi, gan klasiskas ukrai\u0146u autoru filmas.<\/p>\n<p>Kino k\u0101 Kult\u016bras Diplom\u0101tijas Instruments<\/p>\n<p>Ukrainas v\u0113stnieks Latvij\u0101 Anatolijs Kucevols uzsver, ka Ukrainas kino dienas ir svar\u012bgs m\u016bsdien\u012bgs elements, kas par\u0101da Ukrainas kult\u016bru un dz\u012bvi, vienlaikus kalpojot k\u0101 instruments c\u012b\u0146\u0101 par neatkar\u012bbu. Vi\u0146\u0161 nor\u0101da uz pieaugo\u0161o latvie\u0161u skat\u012bt\u0101ju interesi par ukrai\u0146u kino, kas apliecina t\u0101 kvalit\u0101ti un sp\u0113ju aizkustin\u0101t da\u017e\u0101das paaudzes. Kino, p\u0113c vi\u0146a v\u0101rdiem, vienm\u0113r ir bijis darb\u012bbas motivators, un cer\u012bba uz kop\u012bgu c\u012b\u0146u pret netaisn\u012bbu un par mieru pasaul\u0113 ir sp\u0113c\u012bga.<\/p>\n<p>Da\u017e\u0101d\u012bba Filmu Programm\u0101: No Kara l\u012bdz M\u012blest\u012bbai<\/p>\n<p>Festiv\u0101la programma ir r\u016bp\u012bgi veidota, lai atspogu\u013cotu Ukrainas sabiedr\u012bbas dz\u012bves un v\u0113stures daudzveid\u012bg\u0101s \u0161\u0137autnes. Skat\u012bt\u0101jiem tiks pied\u0101v\u0101tas filmas, kas skar t\u0101dus b\u016btiskus jaut\u0101jumus k\u0101 kar\u0161 un miers, m\u012blest\u012bba un identit\u0101te, v\u0113stures norises un m\u016bsdienu aktualit\u0101tes. \u0160ogad programm\u0101 iek\u013cauta re\u017eisora \u013bubomira \u013bevicka dokument\u0101l\u0101 filma \u201cM\u0113s bij\u0101m rekr\u016b\u0161i\u201d (2024), kas ir motiv\u0113jo\u0161s v\u0113st\u012bjums topo\u0161ajiem karav\u012briem un glob\u0101lai auditorijai, atkl\u0101jot asto\u0146u karav\u012bru raksturus. T\u0101pat tiks demonstr\u0113ts Ivana Tim\u0161ina dokument\u0101lais almanahs \u201cKrievijas imp\u0113rijas sak\u0101ves\u201d (2024), kas kritiski p\u0113ta Krievijas agres\u012bvos karus. Klasikas cien\u012bt\u0101jus iepriec\u0113s viena no lab\u0101kaj\u0101m Ukrainas po\u0113tisk\u0101 kino film\u0101m \u201cTik v\u0113ls, tik silts rudens\u201d (1981) ar aktrises Halinas Sulimas dal\u012bbu, kura atveido galveno lomu. \u0160\u012b filma st\u0101sta par emigrantiem, kas atgrie\u017eas dzimten\u0113, lai atrastu savas saknes un patieso b\u016bt\u012bbu. Programm\u0101 iek\u013cautas ar\u012b t\u0101das filmas k\u0101 Villena Novaka \u201cK\u0101p\u0113c esmu dz\u012bvs\u201d un Denisa Tarasova \u201cTrakie cilv\u0113ki\u201d.<\/p>\n<p>Dialogs un Sadarb\u012bba: Apa\u013c\u0101 Galda Diskusija<\/p>\n<p>Festiv\u0101la atkl\u0101\u0161an\u0101, 10. oktobr\u012b, notiks apa\u013c\u0101 galda diskusija par t\u0113mu \u201cUkrainas kino att\u012bst\u012bbas perspekt\u012bvas, kopra\u017eojumi un sadarb\u012bba ar Eiropas valst\u012bm\u201d. Diskusij\u0101 piedal\u012bsies Ukrainas un Latvijas kinoprofesion\u0101\u013ci, lai dal\u012btos pieredz\u0113 un mekl\u0113tu veidus, k\u0101 stiprin\u0101t kult\u016bras sadarb\u012bbu starp ab\u0101m valst\u012bm. \u0160\u0101das diskusijas ir b\u016btiskas, lai veicin\u0101tu jaunu kopra\u017eojumu projektu att\u012bst\u012bbu un populariz\u0113tu Ukrainas kino Eiropas m\u0113rog\u0101.<\/p>\n<p>Festiv\u0101la Organizatori un Atbalst\u012bt\u0101ji<\/p>\n<p>\u0160\u012b gada festiv\u0101lu organiz\u0113 labdar\u012bbas organiz\u0101cijas \u201cDveri\u201d labdar\u012bbas fonds, Starptautisk\u0101 asoci\u0101cija \u201cUkrainas kult\u016bras att\u012bst\u012bbai un atbalstam\u201d no Ukrainas un Latvijas sabiedrisk\u0101 organiz\u0101cija \u201cDijaTi\u201d. Pas\u0101kumu informat\u012bvi atbalsta Ukrainas v\u0113stniec\u012bba Latvij\u0101, savuk\u0101rt Ukrainas Kino valsts a\u0123ent\u016bra nodro\u0161ina b\u016btisku atbalstu filmu programmai. Ieeja uz visiem festiv\u0101la seansiem ir bez maksas, padarot Ukrainas kino pieejamu pla\u0161am skat\u012bt\u0101ju lokam.<\/p>\n<p>Kino k\u0101 Atspogu\u013cojums Un Atbalsts<\/p>\n<p>Ukrainas kino dienas R\u012bg\u0101 ir vair\u0101k nek\u0101 tikai filmu skate; t\u0101s ir k\u0101 tilts starp taut\u0101m, veicinot izpratni un l\u012bdzp\u0101rdz\u012bvojumu. P\u0113d\u0113jos gados Ukrainas kino ir piedz\u012bvojis iev\u0113rojamu izaugsmi, tapinot darbus, kas atspogu\u013co gan v\u0113sturiskus notikumus, gan m\u016bsdienu realit\u0101ti ar dzi\u013c\u0101m emocij\u0101m. \u0160\u012bs filmas ir k\u0101 liecinieces, kas inform\u0113, dokument\u0113 un iem\u016b\u017eina notikumus n\u0101kotnei, kalpojot ar\u012b k\u0101 inform\u0101cijas kara instruments. Latvijas un Ukrainas kino nozares cie\u0161\u0101 saikne ar sabiedr\u012bbu ir \u012bpa\u0161i j\u016btama \u0161ajos laikos, kur kino sp\u0113l\u0113 neatsveramu lomu gan identit\u0101tes saglab\u0101\u0161an\u0101, gan sabiedr\u012bbas salied\u0113\u0161an\u0101. Ar\u012b iepriek\u0161\u0113j\u0101s iniciat\u012bvas, piem\u0113ram, labdar\u012bbas seansi vai filmu maratoni, ir apliecin\u0101ju\u0161i kino sp\u0113ju vienot un iedvesmot, vienlaikus sniedzot atbalstu Ukrainas tautai.<\/p>\n","protected":false},"excerpt":{"rendered":"Ukrainas Kino Dienas Atgrie\u017eas R\u012bg\u0101: Ce\u013cojums caur Sp\u0113c\u012bgiem St\u0101stiem No 10. l\u012bdz 12. oktobrim R\u012bg\u0101 norisin\u0101sies jau piektais&hellip;\n","protected":false},"author":2,"featured_media":15488,"comment_status":"","ping_status":"","sticky":false,"template":"","format":"standard","meta":{"footnotes":""},"categories":[5],"tags":[23,5337,28,29,32,33,22,30,31,35,39,38,36,37,34,40,20,26,27,5339,24,25,5336,5340,5338,21],"class_list":{"0":"post-15487","1":"post","2":"type-post","3":"status-publish","4":"format-standard","5":"has-post-thumbnail","7":"category-aktualitates","8":"tag-aktualitates","9":"tag-bezmaksas-kino-seansi","10":"tag-breaking-news","11":"tag-breakingnews","12":"tag-featured-news","13":"tag-featurednews","14":"tag-headlines","15":"tag-latest-news","16":"tag-latestnews","17":"tag-latvia","18":"tag-latvian","19":"tag-latviesu","20":"tag-latviesu-valoda","21":"tag-latviesuvaloda","22":"tag-latvija","23":"tag-lv","24":"tag-news","25":"tag-popularakas-zinas","26":"tag-popularakaszinas","27":"tag-rigas-kulturas-pasakumi","28":"tag-top-stories","29":"tag-topstories","30":"tag-ukrainas-kino-dienas-riga","31":"tag-ukrainas-kultura-latvija","32":"tag-ukrainu-filmas","33":"tag-zinas"},"share_on_mastodon":{"url":"","error":""},"_links":{"self":[{"href":"https:\/\/www.europesays.com\/lv\/wp-json\/wp\/v2\/posts\/15487","targetHints":{"allow":["GET"]}}],"collection":[{"href":"https:\/\/www.europesays.com\/lv\/wp-json\/wp\/v2\/posts"}],"about":[{"href":"https:\/\/www.europesays.com\/lv\/wp-json\/wp\/v2\/types\/post"}],"author":[{"embeddable":true,"href":"https:\/\/www.europesays.com\/lv\/wp-json\/wp\/v2\/users\/2"}],"replies":[{"embeddable":true,"href":"https:\/\/www.europesays.com\/lv\/wp-json\/wp\/v2\/comments?post=15487"}],"version-history":[{"count":0,"href":"https:\/\/www.europesays.com\/lv\/wp-json\/wp\/v2\/posts\/15487\/revisions"}],"wp:featuredmedia":[{"embeddable":true,"href":"https:\/\/www.europesays.com\/lv\/wp-json\/wp\/v2\/media\/15488"}],"wp:attachment":[{"href":"https:\/\/www.europesays.com\/lv\/wp-json\/wp\/v2\/media?parent=15487"}],"wp:term":[{"taxonomy":"category","embeddable":true,"href":"https:\/\/www.europesays.com\/lv\/wp-json\/wp\/v2\/categories?post=15487"},{"taxonomy":"post_tag","embeddable":true,"href":"https:\/\/www.europesays.com\/lv\/wp-json\/wp\/v2\/tags?post=15487"}],"curies":[{"name":"wp","href":"https:\/\/api.w.org\/{rel}","templated":true}]}}