{"id":1550,"date":"2025-09-22T08:18:07","date_gmt":"2025-09-22T08:18:07","guid":{"rendered":"https:\/\/www.europesays.com\/lv\/1550\/"},"modified":"2025-09-22T08:18:07","modified_gmt":"2025-09-22T08:18:07","slug":"velgas-kriles-jubileja-izstade-valkas-biblioteka","status":"publish","type":"post","link":"https:\/\/www.europesays.com\/lv\/1550\/","title":{"rendered":"Velgas Kriles jubilej\u0101 izst\u0101de Valkas bibliot\u0113k\u0101"},"content":{"rendered":"<p><img fetchpriority=\"high\" decoding=\"async\" width=\"1024\" height=\"576\" src=\"https:\/\/www.europesays.com\/lv\/wp-content\/uploads\/2025\/09\/tituls_aizgajusi_lai-atnaktu_ml-1024x576.jpg\" alt=\"\" class=\"wp-image-975968\"  \/>Velga Krile kop\u0101 ar Helmutu \u0112\u0137i 1979. gad\u0101. Foto no Valkas bibliot\u0113kas novadp\u0113tniec\u012bbas datu b\u0101zes<\/p>\n<p>Atz\u012bm\u0113jot Velgas Kriles 80. gadsk\u0101rtu, Valkas bibliot\u0113k\u0101 l\u012bdz 15. oktobrim apskat\u0101ma dzejniecei velt\u012bta novadp\u0113tniec\u012bbas izst\u0101de \u201cAizg\u0101jusi, lai atn\u0101ktu\u201d.<\/p>\n<p>Ekspoz\u012bcij\u0101 starp dzejo\u013cu kr\u0101jumiem, publik\u0101cij\u0101m, fotogr\u0101fij\u0101m apskat\u0101ms ar\u012b dzejnieces pirmais dzejolis, pirm\u0101 intervija, pirmais kr\u0101jums un 1980. gad\u0101 rakst\u012bt\u0101s lugas \u201cVai j\u016bs bai\u013cojaties, j\u016bs maztic\u012bgie!\u201d manuskripts.<\/p>\n<p>Novadniece Velga Krile (1945-1991) ir viena no spilgt\u0101kaj\u0101m latvie\u0161u dzejniec\u0113m un dramatur\u0123\u0113m. Vi\u0146as darbi izce\u013cas ar dzi\u013cu gar\u012bgumu, simboliem un filozofisku skat\u012bjumu uz pasauli. Tos caurvij krist\u012bg\u0101s, mitolo\u0123isk\u0101s un eksistenci\u0101l\u0101s t\u0113mas, tieksme p\u0113c gaismas un m\u016b\u017e\u012bbas. \u201cVi\u0146i ir tik int\u012bmi un prasa p\u0101r\u0101k lielu atkl\u0101\u0161anos, k\u0101da man pierasta tikai uz pap\u012bra,\u201d t\u0101 Velga Krile par savas dzejas deklam\u0113\u0161anu publiski.\u00a0<\/p>\n<p>Velga Krile liter\u0101tu aprind\u0101s par izcilu tika uzskat\u012bta gan dz\u012bves laik\u0101, gan p\u0113c, ko apliecina ekspoz\u012bcij\u0101 \u201cizceltie\u201d cit\u0101ti un atzi\u0146as. Aicin\u0101m apmekl\u0113t izst\u0101di un apzin\u0101ties izcil\u0101s 20. gadsimta otr\u0101s puses latvie\u0161u dzejnieces devumu latvie\u0161u kult\u016br\u0101, un nov\u0113rt\u0113t person\u012bbu, kura dz\u012bvojusi, m\u0101c\u012bjusies, str\u0101d\u0101jusi, iedvesmojusies un rad\u012bjusi tepat Valkas novad\u0101.<\/p>\n<p><img loading=\"lazy\" decoding=\"async\" width=\"724\" height=\"1024\" src=\"https:\/\/www.europesays.com\/lv\/wp-content\/uploads\/2025\/09\/Afisa_VelgaoKrilei_80_2025-724x1024.jpg\" alt=\"\" class=\"wp-image-975969\"  \/><\/p>\n<p>Ance Andr\u0113jeva-Empele, Valkas novada Centr\u0101l\u0101s bibliot\u0113kas Sabiedrisko attiec\u012bbu speci\u0101liste<\/p>\n","protected":false},"excerpt":{"rendered":"Velga Krile kop\u0101 ar Helmutu \u0112\u0137i 1979. gad\u0101. Foto no Valkas bibliot\u0113kas novadp\u0113tniec\u012bbas datu b\u0101zes Atz\u012bm\u0113jot Velgas Kriles&hellip;\n","protected":false},"author":2,"featured_media":1551,"comment_status":"","ping_status":"","sticky":false,"template":"","format":"standard","meta":{"footnotes":""},"categories":[19],"tags":[89,90,1006,35,39,38,36,37,34,40,1007,1008,1009,1010],"class_list":{"0":"post-1550","1":"post","2":"type-post","3":"status-publish","4":"format-standard","5":"has-post-thumbnail","7":"category-izklaide","8":"tag-entertainment","9":"tag-izklaide","10":"tag-izstadeaizgajusilaiatnaktu","11":"tag-latvia","12":"tag-latvian","13":"tag-latviesu","14":"tag-latviesu-valoda","15":"tag-latviesuvaloda","16":"tag-latvija","17":"tag-lv","18":"tag-valka","19":"tag-valkasbiblioteka","20":"tag-valkasnovads","21":"tag-velgakrile"},"share_on_mastodon":{"url":"","error":""},"_links":{"self":[{"href":"https:\/\/www.europesays.com\/lv\/wp-json\/wp\/v2\/posts\/1550","targetHints":{"allow":["GET"]}}],"collection":[{"href":"https:\/\/www.europesays.com\/lv\/wp-json\/wp\/v2\/posts"}],"about":[{"href":"https:\/\/www.europesays.com\/lv\/wp-json\/wp\/v2\/types\/post"}],"author":[{"embeddable":true,"href":"https:\/\/www.europesays.com\/lv\/wp-json\/wp\/v2\/users\/2"}],"replies":[{"embeddable":true,"href":"https:\/\/www.europesays.com\/lv\/wp-json\/wp\/v2\/comments?post=1550"}],"version-history":[{"count":0,"href":"https:\/\/www.europesays.com\/lv\/wp-json\/wp\/v2\/posts\/1550\/revisions"}],"wp:featuredmedia":[{"embeddable":true,"href":"https:\/\/www.europesays.com\/lv\/wp-json\/wp\/v2\/media\/1551"}],"wp:attachment":[{"href":"https:\/\/www.europesays.com\/lv\/wp-json\/wp\/v2\/media?parent=1550"}],"wp:term":[{"taxonomy":"category","embeddable":true,"href":"https:\/\/www.europesays.com\/lv\/wp-json\/wp\/v2\/categories?post=1550"},{"taxonomy":"post_tag","embeddable":true,"href":"https:\/\/www.europesays.com\/lv\/wp-json\/wp\/v2\/tags?post=1550"}],"curies":[{"name":"wp","href":"https:\/\/api.w.org\/{rel}","templated":true}]}}